{"id":42147,"date":"2023-06-22T12:35:04","date_gmt":"2023-06-22T18:35:04","guid":{"rendered":"https:\/\/encuentroinformativo.com.mx\/?p=42147"},"modified":"2023-06-22T12:35:08","modified_gmt":"2023-06-22T18:35:08","slug":"culmina-rodaje-de-pelicula-cocodrilos-en-veracruz","status":"publish","type":"post","link":"https:\/\/encuentroinformativo.com.mx\/?p=42147","title":{"rendered":"Culmina rodaje de pel\u00edcula Cocodrilos en Veracruz"},"content":{"rendered":"\n<p><strong>Alejandro \u00c1vila<\/strong><\/p>\n\n\n\n<p>Veracruz, Ver.- Tras largas semanas de trabajo culmin\u00f3 el rodaje de la pel\u00edcula &#8220;Cocodrilos&#8221;, que tuvo locaciones en los municipios de Alvarado, Boca del R\u00edo, y mayormente en Veracruz.<\/p>\n\n\n\n<p>El largometraje es la \u00f3pera prima de el director xalape\u00f1o, J. Xavier Velasco; el cual protagonizan Hoze Mel\u00e9ndez, Teresa S\u00e1nchez y Karem Momo; adem\u00e1s, participan Arcelia Ram\u00edrez, A\u00edda L\u00f3pez, Carlos Arag\u00f3n, entre otros.<\/p>\n\n\n\n<p>Para su primer filme el director xalape\u00f1o abord\u00f3 un tema crudo y tenebroso, pues la historia trata del alto precio que se paga en M\u00e9xico por buscar la verdad desde el periodismo.&nbsp;<\/p>\n\n\n\n<p>Este thriller, lleno de intriga y peligro, filmado en escenarios de Veracruz, promete cautivar al p\u00fablico con su poderosa historia y actuaciones excepcionales en torno a los riesgos que viven los periodistas.<\/p>\n\n\n\n<p>Cocodrilos sigue la escalofriante traves\u00eda de Santiago \u201cSanti\u201d Ortiz, un joven fotoperiodista interpretado por Hoze Mel\u00e9ndez, quien se ve envuelto en una oscura trama despu\u00e9s de la muerte de su amiga y mentora, la periodista de investigaci\u00f3n, Amanda Gonz\u00e1lez, interpretada por Teresa S\u00e1nchez.<\/p>\n\n\n\n<p>\u201cSiendo originario de Xalapa, me toc\u00f3 presenciar algunos de los periodos m\u00e1s violentos en el estado. Si bien Cocodrilos es una ficci\u00f3n, tambi\u00e9n busca hacer un comentario sobre la situaci\u00f3n alarmante que se ha dado desde d\u00e9cadas atr\u00e1s en la entidad, y que tiene que ver con la violencia en contra de periodistas que buscan exponer la verdad sobre temas sensibles. No por nada, M\u00e9xico es uno de los pa\u00edses m\u00e1s peligrosos del mundo para ejercer el periodismo\u201d, se\u00f1ala el director.&nbsp;<\/p>\n\n\n\n<p>En Cocodrilos, el Puerto de Veracruz brinda una atm\u00f3sfera aut\u00e9ntica que realza la intensidad de la historia y sumerge al espectador en un ambiente de misterio y suspenso.<\/p>\n\n\n\n<p>La pel\u00edcula busca poner sobre la mesa una conversaci\u00f3n coyuntural y dolorosa: el asesinato de periodistas.<\/p>\n\n\n\n<p>El director de la cinta agrega: \u201cLa filmaci\u00f3n se llev\u00f3 a cabo enteramente en el Puerto de Veracruz, Boca del R\u00edo y en la regi\u00f3n de Alvarado. Fue una experiencia muy enriquecedora. Tuvimos el apoyo de instituciones estatales y locales, as\u00ed como el respaldo de empresas privadas como el peri\u00f3dico El Dictamen y el Gran Hotel Diligencias. Las locaciones aportan una est\u00e9tica muy particular que enriquecen la ambientaci\u00f3n de un thriller situado en el tr\u00f3pico.\u201d<\/p>\n\n\n\n<p>La cinta es producida por Ernesto Mart\u00ednez Ar\u00e9valo (Amores incompletos, Rencor tatuado) y Jessica Villegas Lattuada (Amores incompletos, Se busca pap\u00e1), y fotografiada por el cinefot\u00f3grafo Felipe P\u00e9rez Burchard, miembro de la Academia Mexicana de Cinefot\u00f3grafos (AMC). El guion escrito por J. Xavier Velasco fue seleccionado y trabajado en el taller Cine Qua Non Lab 2021 y el proyecto cont\u00f3 con el apoyo del fondo de EFICINE 189 para la producci\u00f3n.<\/p>\n","protected":false},"excerpt":{"rendered":"<p>Alejandro \u00c1vila Veracruz, Ver.- Tras largas semanas de trabajo culmin\u00f3 el rodaje de la pel\u00edcula &#8220;Cocodrilos&#8221;, que tuvo locaciones en los municipios de Alvarado, Boca del R\u00edo, y mayormente en Veracruz. El largometraje es la \u00f3pera prima de el director xalape\u00f1o, J. Xavier Velasco; el cual protagonizan Hoze Mel\u00e9ndez, Teresa S\u00e1nchez y Karem Momo; adem\u00e1s, [&hellip;]<\/p>\n","protected":false},"author":2476,"featured_media":42148,"comment_status":"open","ping_status":"open","sticky":false,"template":"","format":"standard","meta":{"_jetpack_memberships_contains_paid_content":false,"footnotes":""},"categories":[2],"tags":[],"class_list":["post-42147","post","type-post","status-publish","format-standard","has-post-thumbnail","hentry","category-estado"],"jetpack_featured_media_url":"https:\/\/encuentroinformativo.com.mx\/wp-content\/uploads\/2023\/06\/IMG-20230622-WA0031.jpg","jetpack_sharing_enabled":true,"jetpack_likes_enabled":true,"amp_enabled":true,"_links":{"self":[{"href":"https:\/\/encuentroinformativo.com.mx\/index.php?rest_route=\/wp\/v2\/posts\/42147","targetHints":{"allow":["GET"]}}],"collection":[{"href":"https:\/\/encuentroinformativo.com.mx\/index.php?rest_route=\/wp\/v2\/posts"}],"about":[{"href":"https:\/\/encuentroinformativo.com.mx\/index.php?rest_route=\/wp\/v2\/types\/post"}],"author":[{"embeddable":true,"href":"https:\/\/encuentroinformativo.com.mx\/index.php?rest_route=\/wp\/v2\/users\/2476"}],"replies":[{"embeddable":true,"href":"https:\/\/encuentroinformativo.com.mx\/index.php?rest_route=%2Fwp%2Fv2%2Fcomments&post=42147"}],"version-history":[{"count":1,"href":"https:\/\/encuentroinformativo.com.mx\/index.php?rest_route=\/wp\/v2\/posts\/42147\/revisions"}],"predecessor-version":[{"id":42149,"href":"https:\/\/encuentroinformativo.com.mx\/index.php?rest_route=\/wp\/v2\/posts\/42147\/revisions\/42149"}],"wp:featuredmedia":[{"embeddable":true,"href":"https:\/\/encuentroinformativo.com.mx\/index.php?rest_route=\/wp\/v2\/media\/42148"}],"wp:attachment":[{"href":"https:\/\/encuentroinformativo.com.mx\/index.php?rest_route=%2Fwp%2Fv2%2Fmedia&parent=42147"}],"wp:term":[{"taxonomy":"category","embeddable":true,"href":"https:\/\/encuentroinformativo.com.mx\/index.php?rest_route=%2Fwp%2Fv2%2Fcategories&post=42147"},{"taxonomy":"post_tag","embeddable":true,"href":"https:\/\/encuentroinformativo.com.mx\/index.php?rest_route=%2Fwp%2Fv2%2Ftags&post=42147"}],"curies":[{"name":"wp","href":"https:\/\/api.w.org\/{rel}","templated":true}]}}