{"id":4215,"date":"2020-07-18T14:43:21","date_gmt":"2020-07-18T19:43:21","guid":{"rendered":"https:\/\/encuentroinformativo.com\/?p=4215"},"modified":"2020-07-18T14:43:24","modified_gmt":"2020-07-18T19:43:24","slug":"abogado-convoca-a-cruzada-contra-sistema-de-procuracion-de-justicia","status":"publish","type":"post","link":"https:\/\/encuentroinformativo.com.mx\/?p=4215","title":{"rendered":"Abogado convoca a \u201ccruzada\u201d contra sistema de procuraci\u00f3n de justicia"},"content":{"rendered":"\n<p><strong>Dar\u00edo Pale <\/strong><\/p>\n\n\n\n<p>Xalapa, Ver.- Hacen un llamado a las barras y colegios de abogados a una &#8220;cruzada&#8221; para denunciar a autoridades de procuraci\u00f3n de justicia en Veracruz ya que contin\u00faan alargando los plazos procesales, as\u00ed lo dio a conocer el abogado especialista en el Sistema de Justicia Penal, Tom\u00e1s Mundo Arriasa.<\/p>\n\n\n\n<p>En entrevista dio a conocer que, &#8220;es la \u00fanica forma como podremos bajar el 99% de impunidad; ese 65 % de violaci\u00f3n al debido proceso; 60 % de violaci\u00f3n a los derechos fundamentales de las v\u00edctimas&#8221;.<\/p>\n\n\n\n<p>Se\u00f1al\u00f3 que ya es tiempo de dejar atr\u00e1s las quejas, hay que actuar ante estas violaciones, as\u00ed como la inacci\u00f3n de las autoridades encargadas de administrar justicia.<\/p>\n\n\n\n<p>&#8220;No se pueden estar suspendiendo indefinidamente los plazos procesales y nosotros pasivos ante estas decisiones judiciales, ellos son los obligados de establecer pol\u00edticas p\u00fablicas propias de su investidura y responsabilidad y nosotros a exigirles que se reabran los juzgados, a ellos les corresponde invertir en los insumos propios de las medidas sanitarias&#8221;, critic\u00f3.<\/p>\n\n\n\n<p>Consider\u00f3 que se debe hacer algo similar a lo que hace California con las personas privadas de su libertad y es que en ese estado liberar\u00e1n a mas de 8 mil personas privadas de su libertad.<\/p>\n\n\n\n<p>&#8220;Ac\u00e1 \u00bfqu\u00e9 hacemos?, nada, dejamos que algunas personas privadas de su libertad, familiares e incluso empleados de los centros de reinserci\u00f3n social tambi\u00e9n hayan fallecido, y no hacemos nada. Tenemos pocos m\u00e1s de 6 mil 200 personas privadas de su libertad en las c\u00e1rceles veracruzanas, casi la mitad est\u00e1 sujeta a un proceso penal, esto es, no saben si ser\u00e1n absueltas o condenadas, y las autoridades encargadas del ramo \u00a0no implementan ninguna acci\u00f3n en pro de esas personas. \u00bfY nosotros que hacemos?, Nada&#8221;, acus\u00f3.<\/p>\n\n\n\n<p>Recalc\u00f3 que es tiempo de actuar, de exigir a las autoridades del Poder Judicial del Estado que act\u00faen seg\u00fan las circunstancias que se est\u00e1n viviendo, &#8220;es tiempo de dejar de ser pasivos y exigir con nuestras acciones que la justicia se mueva en Veracruz. Es tiempo de acabar con los funcionarios patitos, es tiempo de exigir calidad en sus pol\u00edticas p\u00fablicas, hag\u00e1moslo&#8221;.<\/p>\n\n\n\n<p>A diferencia de otras naciones, pregunt\u00f3 qu\u00e9 pasa aqu\u00ed en M\u00e9xico con situaciones similares, con actuaciones policiales que asesinan igual a detenidos, y luego dicen que murieron por infartos, o con jueces que por consigna dejan a muchos inocentes en las c\u00e1rceles; o fiscales que por seguir las tramas que arman los ministeriales con tal de resolver alguna presi\u00f3n social, califican de legal las detenciones sabiendo que ni ellos -los fiscales-, les creen esas historias inventadas.<\/p>\n\n\n\n<p>Pese a eso, los presentan ante el juez y estos los sueltan y luego critican a los jueces, cuando la falla est\u00e1 en los fiscales que no saben integrar las carpetas respectivas, &#8220;en ambos casos, la sugerencia a los abogados litigantes es denunciar a los jueces y a los fiscales&#8221;.<\/p>\n\n\n\n<p>Sostuvo que caso similar se da cuando se debaten medidas cautelares, los fiscales lo \u00fanico que saben pedir es prisi\u00f3n justificada.<\/p>\n\n\n\n<p>&#8220;Y el pretexto pueden ser los medios violentos, pero nunca justifican, como es su obligaci\u00f3n, el principio de Subsidiariedad con el test de proporcionalidad en sus cuatro vertientes: necesidad, finalidad, intensidad subsidiariedad, esto es, por que las otras trece fracciones del art\u00edculo 155 del C\u00f3digo Nacional de Procedimientos Penales no son suficientes para garantizar la presencia del imputado en el proceso&#8221;, argument\u00f3.<\/p>\n\n\n\n<p>Ello es una violaci\u00f3n al principio de progresividad de los derechos humanos, y al principio Pro persona, contenidos en el art\u00edculo primero de la Carta Magna.<\/p>\n\n\n\n<p>&#8220;Y el juez que no los aplique o no los tome en cuenta, ambos deber\u00e1n ser denunciados; pareciera que la funci\u00f3n de ambos es ganar puntos por dejar gente en la c\u00e1rcel, por que esa es la consigna que tienen. Pues en estos y en otros casos debemos primero investigar si esos jueces o fiscales est\u00e1n permanentemente capacitados; si esos jueces pese a ser interinos, esto es que no pasan por el tamiz de un examen de oposici\u00f3n ante el Consejo de la Caricatura (Judicatura) -como lo dice ir\u00f3nicamente el Dr. Alberto del Castillo del Valle, para saber si tienen capacitaci\u00f3n permanente y de calidad&#8221;, abund\u00f3.<\/p>\n\n\n\n<p>Igual para los fiscales, no basta que muestren documentos que los capacitan, si no quienes los capacitan.<\/p>\n\n\n\n<p>&#8220;Dice la biblia: pobre del ciego que se deja guiar por otro ciego. Y si no est\u00e1n lo suficientemente capacitados con calidad hay que denunciarlos, pero m\u00e1s, hay que denunciar a sus superiores, ellos son los principales responsables de la situaci\u00f3n actual de la justicia en Veracruz&#8221;, finaliz\u00f3.<\/p>\n\n\n\n<p><\/p>\n","protected":false},"excerpt":{"rendered":"<p>Dar\u00edo Pale Xalapa, Ver.- Hacen un llamado a las barras y colegios de abogados a una &#8220;cruzada&#8221; para denunciar a autoridades de procuraci\u00f3n de justicia en Veracruz ya que contin\u00faan alargando los plazos procesales, as\u00ed lo dio a conocer el abogado especialista en el Sistema de Justicia Penal, Tom\u00e1s Mundo Arriasa. En entrevista dio a [&hellip;]<\/p>\n","protected":false},"author":1,"featured_media":4216,"comment_status":"open","ping_status":"open","sticky":false,"template":"","format":"standard","meta":{"_jetpack_memberships_contains_paid_content":false,"footnotes":""},"categories":[2],"tags":[],"class_list":["post-4215","post","type-post","status-publish","format-standard","has-post-thumbnail","hentry","category-estado"],"jetpack_featured_media_url":"https:\/\/encuentroinformativo.com.mx\/wp-content\/uploads\/2020\/07\/2D9E0824-9D18-4A3D-95BA-B9D0425AFBF2.jpeg","jetpack_sharing_enabled":true,"jetpack_likes_enabled":true,"amp_enabled":true,"_links":{"self":[{"href":"https:\/\/encuentroinformativo.com.mx\/index.php?rest_route=\/wp\/v2\/posts\/4215","targetHints":{"allow":["GET"]}}],"collection":[{"href":"https:\/\/encuentroinformativo.com.mx\/index.php?rest_route=\/wp\/v2\/posts"}],"about":[{"href":"https:\/\/encuentroinformativo.com.mx\/index.php?rest_route=\/wp\/v2\/types\/post"}],"author":[{"embeddable":true,"href":"https:\/\/encuentroinformativo.com.mx\/index.php?rest_route=\/wp\/v2\/users\/1"}],"replies":[{"embeddable":true,"href":"https:\/\/encuentroinformativo.com.mx\/index.php?rest_route=%2Fwp%2Fv2%2Fcomments&post=4215"}],"version-history":[{"count":1,"href":"https:\/\/encuentroinformativo.com.mx\/index.php?rest_route=\/wp\/v2\/posts\/4215\/revisions"}],"predecessor-version":[{"id":4217,"href":"https:\/\/encuentroinformativo.com.mx\/index.php?rest_route=\/wp\/v2\/posts\/4215\/revisions\/4217"}],"wp:featuredmedia":[{"embeddable":true,"href":"https:\/\/encuentroinformativo.com.mx\/index.php?rest_route=\/wp\/v2\/media\/4216"}],"wp:attachment":[{"href":"https:\/\/encuentroinformativo.com.mx\/index.php?rest_route=%2Fwp%2Fv2%2Fmedia&parent=4215"}],"wp:term":[{"taxonomy":"category","embeddable":true,"href":"https:\/\/encuentroinformativo.com.mx\/index.php?rest_route=%2Fwp%2Fv2%2Fcategories&post=4215"},{"taxonomy":"post_tag","embeddable":true,"href":"https:\/\/encuentroinformativo.com.mx\/index.php?rest_route=%2Fwp%2Fv2%2Ftags&post=4215"}],"curies":[{"name":"wp","href":"https:\/\/api.w.org\/{rel}","templated":true}]}}