{"id":42154,"date":"2023-06-22T13:11:59","date_gmt":"2023-06-22T19:11:59","guid":{"rendered":"https:\/\/encuentroinformativo.com.mx\/?p=42154"},"modified":"2023-06-22T13:12:04","modified_gmt":"2023-06-22T19:12:04","slug":"se-suman-sindicalizados-de-cecytev-a-paro-nacional","status":"publish","type":"post","link":"https:\/\/encuentroinformativo.com.mx\/?p=42154","title":{"rendered":"Se suman sindicalizados de Cecytev a paro nacional"},"content":{"rendered":"\n<p><strong>Juan Arcos <\/strong><\/p>\n\n\n\n<p>Xalapa, Ver.- Un grupo de sindicalizados protest\u00f3 y tom\u00f3 las oficinas del Colegio de Estudios Cient\u00edficos y Tecnol\u00f3gicos del Estado de Veracruz (Cecytev) en esta ciudad de Xalapa, como parte de un paro nacional para exigir una ampliaci\u00f3n presupuestal.<\/p>\n\n\n\n<p>Se trata de empleados administrativos, personal de apoyo y docentes, quienes pararon labores desde las siete de la ma\u00f1ana de este jueves 22 de junio en las instalaciones del Cecytev, que se encuentran sobre la calle Felipe Carrillo Puerto, en la zona centro de esta capital veracruzana<\/p>\n\n\n\n<p>En el lugar, el delegado del Sindicato \u00danico de Trabajadores del Colegio de Estudios Cient\u00edficos y Tecnol\u00f3gicos del Estado de Veracruz (Sutcecytev), Jorge Felipe Novoa Gastaldi, indic\u00f3 que la protesta corresponde a una serie de exigencias que se han planteado al gobierno federal desde hace cuatro a\u00f1os.<\/p>\n\n\n\n<p>El entrevistado detall\u00f3 que hay temas pendientes en materia de homologaci\u00f3n salarial, basificaciones, recategorizaciones administrativas y la ampliaci\u00f3n presupuestal de 900 millones de pesos.<\/p>\n\n\n\n<p>\u201cDependemos del presupuesto de la Federaci\u00f3n para eso, porque somos una OPD (organismo p\u00fablico descentralizado), todas las OPD\u2019s tienen presupuesto, la mitad del gobierno estatal y la otra mitad del gobierno federal\u201d, expres\u00f3.<\/p>\n\n\n\n<p>A nivel nacional hay aproximadamente 30 mil trabajadores y en el estado de Veracruz hay m\u00e1s de 900 empleados adheridos al Sutcecytev.<\/p>\n\n\n\n<p>A las 11 de la ma\u00f1ana se reunir\u00edan los representantes de la confederaci\u00f3n de sindicatos a nivel nacional se reunir\u00edan con autoridades de la Secretar\u00eda de Hacienda y Cr\u00e9dito P\u00fablico (SHCP) en la Ciudad de M\u00e9xico, para dar seguimiento a sus peticiones.<\/p>\n","protected":false},"excerpt":{"rendered":"<p>Juan Arcos Xalapa, Ver.- Un grupo de sindicalizados protest\u00f3 y tom\u00f3 las oficinas del Colegio de Estudios Cient\u00edficos y Tecnol\u00f3gicos del Estado de Veracruz (Cecytev) en esta ciudad de Xalapa, como parte de un paro nacional para exigir una ampliaci\u00f3n presupuestal. Se trata de empleados administrativos, personal de apoyo y docentes, quienes pararon labores desde [&hellip;]<\/p>\n","protected":false},"author":2476,"featured_media":42155,"comment_status":"open","ping_status":"open","sticky":false,"template":"","format":"standard","meta":{"_jetpack_memberships_contains_paid_content":false,"footnotes":""},"categories":[3],"tags":[],"class_list":["post-42154","post","type-post","status-publish","format-standard","has-post-thumbnail","hentry","category-xalapa"],"jetpack_featured_media_url":"https:\/\/encuentroinformativo.com.mx\/wp-content\/uploads\/2023\/06\/IMG_6530.jpg","jetpack_sharing_enabled":true,"jetpack_likes_enabled":true,"amp_enabled":true,"_links":{"self":[{"href":"https:\/\/encuentroinformativo.com.mx\/index.php?rest_route=\/wp\/v2\/posts\/42154","targetHints":{"allow":["GET"]}}],"collection":[{"href":"https:\/\/encuentroinformativo.com.mx\/index.php?rest_route=\/wp\/v2\/posts"}],"about":[{"href":"https:\/\/encuentroinformativo.com.mx\/index.php?rest_route=\/wp\/v2\/types\/post"}],"author":[{"embeddable":true,"href":"https:\/\/encuentroinformativo.com.mx\/index.php?rest_route=\/wp\/v2\/users\/2476"}],"replies":[{"embeddable":true,"href":"https:\/\/encuentroinformativo.com.mx\/index.php?rest_route=%2Fwp%2Fv2%2Fcomments&post=42154"}],"version-history":[{"count":1,"href":"https:\/\/encuentroinformativo.com.mx\/index.php?rest_route=\/wp\/v2\/posts\/42154\/revisions"}],"predecessor-version":[{"id":42156,"href":"https:\/\/encuentroinformativo.com.mx\/index.php?rest_route=\/wp\/v2\/posts\/42154\/revisions\/42156"}],"wp:featuredmedia":[{"embeddable":true,"href":"https:\/\/encuentroinformativo.com.mx\/index.php?rest_route=\/wp\/v2\/media\/42155"}],"wp:attachment":[{"href":"https:\/\/encuentroinformativo.com.mx\/index.php?rest_route=%2Fwp%2Fv2%2Fmedia&parent=42154"}],"wp:term":[{"taxonomy":"category","embeddable":true,"href":"https:\/\/encuentroinformativo.com.mx\/index.php?rest_route=%2Fwp%2Fv2%2Fcategories&post=42154"},{"taxonomy":"post_tag","embeddable":true,"href":"https:\/\/encuentroinformativo.com.mx\/index.php?rest_route=%2Fwp%2Fv2%2Ftags&post=42154"}],"curies":[{"name":"wp","href":"https:\/\/api.w.org\/{rel}","templated":true}]}}