{"id":42161,"date":"2023-06-22T13:53:42","date_gmt":"2023-06-22T19:53:42","guid":{"rendered":"https:\/\/encuentroinformativo.com.mx\/?p=42161"},"modified":"2023-06-22T13:53:46","modified_gmt":"2023-06-22T19:53:46","slug":"integrantes-de-la-comunidad-lgbt-buscan-que-kenya-cuevas-encabece-movimiento-en-veracruz","status":"publish","type":"post","link":"https:\/\/encuentroinformativo.com.mx\/?p=42161","title":{"rendered":"Integrantes de la comunidad LGBT, buscan que Kenya Cuevas encabece movimiento en Veracruz"},"content":{"rendered":"\n<p><strong>Juan Arcos <\/strong><\/p>\n\n\n\n<p>Xalapa, Ver.- La activista y sobreviviente de violencia transg\u00e9nero, Kenya Cuevas Fuentes, podr\u00eda ser la coordinadora de estrategias en beneficio de la comunidad LGBTQ+ en el estado de Veracruz.<\/p>\n\n\n\n<p>De acuerdo con el presidente de la Alianza Patr\u00f3tica Nacional (APN) en Veracruz, Alejandro Devaux Zurita, la petici\u00f3n de realiz\u00f3 despu\u00e9s de firmar un convenio de colaboraci\u00f3n para reforzar la vinculaci\u00f3n de apoyo para miembros de esta comunidad, en una entidad donde son agredidos, intimidados o hasta asesinados.<\/p>\n\n\n\n<p>\u201cHemos logrado un acuerdo, se va a firmar un convenio con la fundaci\u00f3n que preside Kenya Cuevas, que es youtuber, aqu\u00ed en el estado de Veracruz y le estamos proponiendo que sea nuestra coordinadora aqu\u00ed en el estado. Vamos a trabajar fuerte para tener un acuerdo legislativo que deje claro y firme el cambio de identidad\u201d, expres\u00f3.<\/p>\n\n\n\n<p>El tambi\u00e9n exsubdirector nacional de Armamento la Polic\u00eda Federal detall\u00f3 que hacer alianzas con personajes que luchan por sus derechos, como Kenya Cuevas, la fundadora de la asociaci\u00f3n civil Casa de las Mu\u00f1ecas Tiresias, les permitir\u00e1 seguir en la lucha de temas como el cambio de identidad en Veracruz.<\/p>\n\n\n\n<p>A Devaux Zurita se le adjudica como logro el haber impulsado el ingreso de la primera mujer trans a las filas de la Polic\u00eda Federal, cumpliendo as\u00ed con las pol\u00edticas impulsadas por el actual presidente de M\u00e9xico, Andr\u00e9s Manuel L\u00f3pez Obrador.<\/p>\n\n\n\n<p>\u201cCon la comunidad LGBT hemos sido muy acertivos en buscar la inclusi\u00f3n de estos grupos en todos los sectores de la poblaci\u00f3n, estamos contruyendo una agenda transversal que nos permita tocar las necesidades b\u00e1sicas de la comunidad\u201d, cont\u00f3.<\/p>\n\n\n\n<p>Cabe recordar que en d\u00edas pasados, Kenya Cuevas estuvo en el puerto de Veracruz dando una capacitaci\u00f3n en materia de derechos humanos a servidores p\u00fablicos de dependencias estatales, la cita fue en el Teatro de la Reforma de la ciudad.<\/p>\n\n\n\n<p>En el sitio, record\u00f3 que Veracruz ocupa el segundo lugar nacional en cr\u00edmenes de odio y que el funcionario p\u00fablico que presuntamente representa a la comunidad en el Congreso del Estado, el legislador Gonz\u00e1lo Dur\u00e1n Chincoya, no est\u00e1 haciendo su trabajo correctamente, pues ni siquiera se ha querido sentar a dialogar con la comunidad.<\/p>\n","protected":false},"excerpt":{"rendered":"<p>Juan Arcos Xalapa, Ver.- La activista y sobreviviente de violencia transg\u00e9nero, Kenya Cuevas Fuentes, podr\u00eda ser la coordinadora de estrategias en beneficio de la comunidad LGBTQ+ en el estado de Veracruz. De acuerdo con el presidente de la Alianza Patr\u00f3tica Nacional (APN) en Veracruz, Alejandro Devaux Zurita, la petici\u00f3n de realiz\u00f3 despu\u00e9s de firmar un [&hellip;]<\/p>\n","protected":false},"author":2476,"featured_media":42162,"comment_status":"open","ping_status":"open","sticky":false,"template":"","format":"standard","meta":{"_jetpack_memberships_contains_paid_content":false,"footnotes":""},"categories":[2],"tags":[],"class_list":["post-42161","post","type-post","status-publish","format-standard","has-post-thumbnail","hentry","category-estado"],"jetpack_featured_media_url":"https:\/\/encuentroinformativo.com.mx\/wp-content\/uploads\/2023\/06\/IMG_65992.jpg","jetpack_sharing_enabled":true,"jetpack_likes_enabled":true,"amp_enabled":true,"_links":{"self":[{"href":"https:\/\/encuentroinformativo.com.mx\/index.php?rest_route=\/wp\/v2\/posts\/42161","targetHints":{"allow":["GET"]}}],"collection":[{"href":"https:\/\/encuentroinformativo.com.mx\/index.php?rest_route=\/wp\/v2\/posts"}],"about":[{"href":"https:\/\/encuentroinformativo.com.mx\/index.php?rest_route=\/wp\/v2\/types\/post"}],"author":[{"embeddable":true,"href":"https:\/\/encuentroinformativo.com.mx\/index.php?rest_route=\/wp\/v2\/users\/2476"}],"replies":[{"embeddable":true,"href":"https:\/\/encuentroinformativo.com.mx\/index.php?rest_route=%2Fwp%2Fv2%2Fcomments&post=42161"}],"version-history":[{"count":1,"href":"https:\/\/encuentroinformativo.com.mx\/index.php?rest_route=\/wp\/v2\/posts\/42161\/revisions"}],"predecessor-version":[{"id":42163,"href":"https:\/\/encuentroinformativo.com.mx\/index.php?rest_route=\/wp\/v2\/posts\/42161\/revisions\/42163"}],"wp:featuredmedia":[{"embeddable":true,"href":"https:\/\/encuentroinformativo.com.mx\/index.php?rest_route=\/wp\/v2\/media\/42162"}],"wp:attachment":[{"href":"https:\/\/encuentroinformativo.com.mx\/index.php?rest_route=%2Fwp%2Fv2%2Fmedia&parent=42161"}],"wp:term":[{"taxonomy":"category","embeddable":true,"href":"https:\/\/encuentroinformativo.com.mx\/index.php?rest_route=%2Fwp%2Fv2%2Fcategories&post=42161"},{"taxonomy":"post_tag","embeddable":true,"href":"https:\/\/encuentroinformativo.com.mx\/index.php?rest_route=%2Fwp%2Fv2%2Ftags&post=42161"}],"curies":[{"name":"wp","href":"https:\/\/api.w.org\/{rel}","templated":true}]}}