{"id":42170,"date":"2023-06-22T07:42:43","date_gmt":"2023-06-22T13:42:43","guid":{"rendered":"https:\/\/encuentroinformativo.com.mx\/?p=42170"},"modified":"2023-06-22T14:46:46","modified_gmt":"2023-06-22T20:46:46","slug":"dictan-vinculacion-a-proceso-a-jueza-angelica-n-se-mantendra-en-prision","status":"publish","type":"post","link":"https:\/\/encuentroinformativo.com.mx\/?p=42170","title":{"rendered":"Dictan vinculaci\u00f3n a proceso a jueza Ang\u00e9lica N, se mantendr\u00e1 en prisi\u00f3n"},"content":{"rendered":"\n<p><strong>Juan Arcos <\/strong><\/p>\n\n\n\n<p>Xalapa, Ver.- Un juez dict\u00f3 auto de vinculaci\u00f3n a proceso en contra de la jueza Ang\u00e9lica S\u00e1nchez como presunta responsable de los delitos contra la fe p\u00fablica y tr\u00e1fico de influencias.<\/p>\n\n\n\n<p>En la audiencia que dur\u00f3 m\u00e1s de diez horas en los juzgados del penal de Pacho Viejo, municipio de Coatepec, el juez de control Roberto Santos Maldonado ratific\u00f3 la medida cautelar de un a\u00f1o de prisi\u00f3n preventiva justificada y concedi\u00f3 la investigaci\u00f3n complementaria de tres meses.<\/p>\n\n\n\n<p>La Fiscal\u00eda General del Estado (FGE), a cargo de Ver\u00f3nica Hern\u00e1ndez Giad\u00e1ns, inform\u00f3 que los hechos probablemente constitutivos de delito en agravio de la administraci\u00f3n de justicia, son derivados de diversas acciones que realiz\u00f3 la vinculada a proceso en un cuadernillo de amparo, donde hizo constar la existencia de un juicio de amparo y dando fe sobre la supuesta suspensi\u00f3n concedida a Itiel \u201cN\u201d.<\/p>\n\n\n\n<p>Sin embargo, una vez consultado en el Sistema Integral de Seguimiento de Expedientes del Consejo de la Judicatura Federal, el juicio de amparo que hizo constar no correspond\u00edan al quejoso ni la materia; aunado a que no existe registro en los libros del Juzgado de Proceso y Procedimiento Penal Oral del Distrito Judicial de Cosamaloapan, por lo que se tipifica la probable comisi\u00f3n del delito contra la fe p\u00fablica.<\/p>\n\n\n\n<p>Cabe se\u00f1alar que la carpeta de investigaci\u00f3n respectiva se inici\u00f3 por denuncia interpuesta por el Poder Judicial del Estado en contra de la ahora vinculada, al haber presuntamente realizado una certificaci\u00f3n de hechos que no son ciertos y dando fe de otros que no le pod\u00edan constar, ya que se trataba de sucesos que ocurrieron en un lugar distinto al que se encontraba la citada juzgadora.<\/p>\n\n\n\n<p>La jueza Ang\u00e9lica fue vinculada a proceso a pesar de que fue acompa\u00f1ada y respaldada por observadores de la Oficina del Alto Comisionado de las Naciones Unidas para los Derechos Humanos (ACNUDH) y del Instituto Federal de la Defensor\u00eda P\u00fablica durante su audiencia.<\/p>\n\n\n\n<p>El juez de control Roberto Santos Maldonado no permiti\u00f3 que integrantes del Instituto Federal de Defensor\u00eda P\u00fablica representara a la jueza Ang\u00e9lica en la audiencia del mi\u00e9rcoles. Adem\u00e1s, de que se neg\u00f3 el acceso a los medios de comunicaci\u00f3n.<\/p>\n","protected":false},"excerpt":{"rendered":"<p>Juan Arcos Xalapa, Ver.- Un juez dict\u00f3 auto de vinculaci\u00f3n a proceso en contra de la jueza Ang\u00e9lica S\u00e1nchez como presunta responsable de los delitos contra la fe p\u00fablica y tr\u00e1fico de influencias. En la audiencia que dur\u00f3 m\u00e1s de diez horas en los juzgados del penal de Pacho Viejo, municipio de Coatepec, el juez [&hellip;]<\/p>\n","protected":false},"author":2476,"featured_media":42171,"comment_status":"open","ping_status":"open","sticky":false,"template":"","format":"standard","meta":{"_jetpack_memberships_contains_paid_content":false,"footnotes":""},"categories":[2],"tags":[],"class_list":["post-42170","post","type-post","status-publish","format-standard","has-post-thumbnail","hentry","category-estado"],"jetpack_featured_media_url":"https:\/\/encuentroinformativo.com.mx\/wp-content\/uploads\/2023\/06\/IMG_3007.jpg","jetpack_sharing_enabled":true,"jetpack_likes_enabled":true,"amp_enabled":true,"_links":{"self":[{"href":"https:\/\/encuentroinformativo.com.mx\/index.php?rest_route=\/wp\/v2\/posts\/42170","targetHints":{"allow":["GET"]}}],"collection":[{"href":"https:\/\/encuentroinformativo.com.mx\/index.php?rest_route=\/wp\/v2\/posts"}],"about":[{"href":"https:\/\/encuentroinformativo.com.mx\/index.php?rest_route=\/wp\/v2\/types\/post"}],"author":[{"embeddable":true,"href":"https:\/\/encuentroinformativo.com.mx\/index.php?rest_route=\/wp\/v2\/users\/2476"}],"replies":[{"embeddable":true,"href":"https:\/\/encuentroinformativo.com.mx\/index.php?rest_route=%2Fwp%2Fv2%2Fcomments&post=42170"}],"version-history":[{"count":1,"href":"https:\/\/encuentroinformativo.com.mx\/index.php?rest_route=\/wp\/v2\/posts\/42170\/revisions"}],"predecessor-version":[{"id":42172,"href":"https:\/\/encuentroinformativo.com.mx\/index.php?rest_route=\/wp\/v2\/posts\/42170\/revisions\/42172"}],"wp:featuredmedia":[{"embeddable":true,"href":"https:\/\/encuentroinformativo.com.mx\/index.php?rest_route=\/wp\/v2\/media\/42171"}],"wp:attachment":[{"href":"https:\/\/encuentroinformativo.com.mx\/index.php?rest_route=%2Fwp%2Fv2%2Fmedia&parent=42170"}],"wp:term":[{"taxonomy":"category","embeddable":true,"href":"https:\/\/encuentroinformativo.com.mx\/index.php?rest_route=%2Fwp%2Fv2%2Fcategories&post=42170"},{"taxonomy":"post_tag","embeddable":true,"href":"https:\/\/encuentroinformativo.com.mx\/index.php?rest_route=%2Fwp%2Fv2%2Ftags&post=42170"}],"curies":[{"name":"wp","href":"https:\/\/api.w.org\/{rel}","templated":true}]}}