{"id":42176,"date":"2023-06-22T15:27:21","date_gmt":"2023-06-22T21:27:21","guid":{"rendered":"https:\/\/encuentroinformativo.com.mx\/?p=42176"},"modified":"2023-06-22T15:27:25","modified_gmt":"2023-06-22T21:27:25","slug":"temporada-de-verano-dejaria-a-veracruz-derrama-de-2-mmdp","status":"publish","type":"post","link":"https:\/\/encuentroinformativo.com.mx\/?p=42176","title":{"rendered":"Temporada de Verano dejar\u00eda a Veracruz derrama de 2 mmdp"},"content":{"rendered":"\n<p><strong>Alejandro \u00c1vila<\/strong><\/p>\n\n\n\n<p>Veracruz, Ver.- Una ocupaci\u00f3n m\u00e1xima del 98 por ciento y una derrama econ\u00f3mica estimada de 2 mil millones de pesos, es los que se obtendr\u00eda en la entidad veracruzana durante la temporada alta de vacaciones de verano, asegur\u00f3 el secretario de Turismo, Iv\u00e1n Francisco Mart\u00ednez Olvera.<\/p>\n\n\n\n<p>El funcionario estatal dijo que se estima durante toda la temporada vacacional de verano la llegada de m\u00e1s de 2 millones de turistas.<\/p>\n\n\n\n<p>\u201cEstamos esperando en un promedio general de todo el estado y de todo el periodo vacacional un 86 a 87 por ciento de ocupaci\u00f3n contemplando todo el periodo, pero los d\u00edas m\u00e1s fuertes, los fines de semana en donde coinciden las vacaciones escolares con la de las empresas, estamos esperando pr\u00e1cticamente el 98 por ciento de ocupaci\u00f3n en todo el estado, estaremos superando los 2 millones de visitantes en este periodo\u201d, indic\u00f3.&nbsp;<\/p>\n\n\n\n<p>Iv\u00e1n Mart\u00ednez dijo que tan solo para el Carnaval de Veracruz, al momento ya se tiene un 56 por ciento de reservaciones; aunque reconoci\u00f3 que los hospedajes incrementan los d\u00edas que se lleva a cabo alguna actividad art\u00edstica o recreativa.<\/p>\n\n\n\n<p>\u201cEl carnaval es un referente tur\u00edstico para el estado de Veracruz, es el carnaval m\u00e1s alegre del mundo, est\u00e1 posicionado as\u00ed, nos da imagen, es insistir que todos nos vayamos a divertir, que seamos respetuosos. Ya hay reservaciones, pero el carnaval son factores diferentes los que influyen, si hay una reservaci\u00f3n alta, pero la mayor\u00eda de la afluencia se genera ese d\u00eda, tenemos un 56 por ciento que es el promedio que se maneja para carnaval, falta lo que lleguen ese d\u00eda\u201d, finaliz\u00f3.<\/p>\n","protected":false},"excerpt":{"rendered":"<p>Alejandro \u00c1vila Veracruz, Ver.- Una ocupaci\u00f3n m\u00e1xima del 98 por ciento y una derrama econ\u00f3mica estimada de 2 mil millones de pesos, es los que se obtendr\u00eda en la entidad veracruzana durante la temporada alta de vacaciones de verano, asegur\u00f3 el secretario de Turismo, Iv\u00e1n Francisco Mart\u00ednez Olvera. El funcionario estatal dijo que se estima [&hellip;]<\/p>\n","protected":false},"author":2476,"featured_media":40235,"comment_status":"open","ping_status":"open","sticky":false,"template":"","format":"standard","meta":{"_jetpack_memberships_contains_paid_content":false,"footnotes":""},"categories":[2],"tags":[],"class_list":["post-42176","post","type-post","status-publish","format-standard","has-post-thumbnail","hentry","category-estado"],"jetpack_featured_media_url":"https:\/\/encuentroinformativo.com.mx\/wp-content\/uploads\/2023\/05\/IMG_0899.jpg","jetpack_sharing_enabled":true,"jetpack_likes_enabled":true,"amp_enabled":true,"_links":{"self":[{"href":"https:\/\/encuentroinformativo.com.mx\/index.php?rest_route=\/wp\/v2\/posts\/42176","targetHints":{"allow":["GET"]}}],"collection":[{"href":"https:\/\/encuentroinformativo.com.mx\/index.php?rest_route=\/wp\/v2\/posts"}],"about":[{"href":"https:\/\/encuentroinformativo.com.mx\/index.php?rest_route=\/wp\/v2\/types\/post"}],"author":[{"embeddable":true,"href":"https:\/\/encuentroinformativo.com.mx\/index.php?rest_route=\/wp\/v2\/users\/2476"}],"replies":[{"embeddable":true,"href":"https:\/\/encuentroinformativo.com.mx\/index.php?rest_route=%2Fwp%2Fv2%2Fcomments&post=42176"}],"version-history":[{"count":1,"href":"https:\/\/encuentroinformativo.com.mx\/index.php?rest_route=\/wp\/v2\/posts\/42176\/revisions"}],"predecessor-version":[{"id":42177,"href":"https:\/\/encuentroinformativo.com.mx\/index.php?rest_route=\/wp\/v2\/posts\/42176\/revisions\/42177"}],"wp:featuredmedia":[{"embeddable":true,"href":"https:\/\/encuentroinformativo.com.mx\/index.php?rest_route=\/wp\/v2\/media\/40235"}],"wp:attachment":[{"href":"https:\/\/encuentroinformativo.com.mx\/index.php?rest_route=%2Fwp%2Fv2%2Fmedia&parent=42176"}],"wp:term":[{"taxonomy":"category","embeddable":true,"href":"https:\/\/encuentroinformativo.com.mx\/index.php?rest_route=%2Fwp%2Fv2%2Fcategories&post=42176"},{"taxonomy":"post_tag","embeddable":true,"href":"https:\/\/encuentroinformativo.com.mx\/index.php?rest_route=%2Fwp%2Fv2%2Ftags&post=42176"}],"curies":[{"name":"wp","href":"https:\/\/api.w.org\/{rel}","templated":true}]}}