{"id":42183,"date":"2023-06-23T11:10:28","date_gmt":"2023-06-23T17:10:28","guid":{"rendered":"https:\/\/encuentroinformativo.com.mx\/?p=42183"},"modified":"2023-06-23T11:10:31","modified_gmt":"2023-06-23T17:10:31","slug":"por-falta-de-clima-protestan-trabajadores-de-la-unidad-de-alta-especialidad-del-imss-en-veracruz","status":"publish","type":"post","link":"https:\/\/encuentroinformativo.com.mx\/?p=42183","title":{"rendered":"Por falta de clima, protestan trabajadores de la Unidad de Alta Especialidad del IMSS en Veracruz"},"content":{"rendered":"\n<p><strong>Alejandro \u00c1vila<\/strong><\/p>\n\n\n\n<p>Veracruz, Ver.- Familiares de pacientes y trabajadores del turno nocturno de la Unidad M\u00e9dica de Alta Especialidad (UMAE) 14 del Instituto Mexicano del Seguro Social (IMSS) bloquearon la ma\u00f1ana de este viernes la avenida Cuauht\u00e9moc en el municipio de Veracruz, por la falta de aire acondicionado en las \u00e1reas m\u00e9dicas.<\/p>\n\n\n\n<p>Los manifestantes se\u00f1alan que son cerca de 40 pacientes por \u00e1rea los que se ven afectados por la falta de aire acondicionado; adem\u00e1s, los trabajadores reclaman mejores condiciones laborales, pues la falta de una temperatura adecuada merma su desempe\u00f1o.<\/p>\n\n\n\n<p>&#8220;Es muy triste, es muy deprimente tener a un paciente en estos momentos en el hospital del IMSS, y saber que no cuenta con la atenci\u00f3n b\u00e1sica en cuanto a un clima con esas altas temperaturas, y que es demasiado triste que nos encontramos en esta situaci\u00f3n (\u2026) la mayor\u00eda de la gente est\u00e1 comprando ventiladores y con peque\u00f1os ventiladores se est\u00e1n refrescando pero no se dan abasto. Que tristeza, porque creo que este pa\u00eds es inmensamente rico como para tenerlos en esas condiciones&#8221;, dijo la joven Cony Cabrera, familiar de un paciente.<\/p>\n\n\n\n<p>El personal de enfermer\u00eda mencion\u00f3 que tambi\u00e9n ellos han tenido que comprar algunos ventiladores para poder sopesar las largas jornadas laborales en condiciones inhumanas, por las altas temperaturas que se han suscitado en los \u00faltimos d\u00edas en la ciudad de Veracruz.<\/p>\n\n\n\n<p>De la misma manera, mencionaron que en la cl\u00ednica 61 ubicada en la avenida Salvador D\u00edaz Mir\u00f3n tambi\u00e9n se encuentran en la misma situaci\u00f3n, y esperan que en breve el personal tambi\u00e9n manifieste su molestia.<\/p>\n\n\n\n<figure class=\"wp-block-image size-large\"><img loading=\"lazy\" decoding=\"async\" width=\"1024\" height=\"461\" src=\"https:\/\/encuentroinformativo.com.mx\/wp-content\/uploads\/2023\/06\/IMG-20230623-WA0018-1024x461.jpg\" alt=\"\" class=\"wp-image-42185\" srcset=\"https:\/\/encuentroinformativo.com.mx\/wp-content\/uploads\/2023\/06\/IMG-20230623-WA0018-1024x461.jpg 1024w, https:\/\/encuentroinformativo.com.mx\/wp-content\/uploads\/2023\/06\/IMG-20230623-WA0018-300x135.jpg 300w, https:\/\/encuentroinformativo.com.mx\/wp-content\/uploads\/2023\/06\/IMG-20230623-WA0018-768x346.jpg 768w, https:\/\/encuentroinformativo.com.mx\/wp-content\/uploads\/2023\/06\/IMG-20230623-WA0018-1536x691.jpg 1536w, https:\/\/encuentroinformativo.com.mx\/wp-content\/uploads\/2023\/06\/IMG-20230623-WA0018.jpg 1600w\" sizes=\"auto, (max-width: 1024px) 100vw, 1024px\" \/><\/figure>\n","protected":false},"excerpt":{"rendered":"<p>Alejandro \u00c1vila Veracruz, Ver.- Familiares de pacientes y trabajadores del turno nocturno de la Unidad M\u00e9dica de Alta Especialidad (UMAE) 14 del Instituto Mexicano del Seguro Social (IMSS) bloquearon la ma\u00f1ana de este viernes la avenida Cuauht\u00e9moc en el municipio de Veracruz, por la falta de aire acondicionado en las \u00e1reas m\u00e9dicas. Los manifestantes se\u00f1alan [&hellip;]<\/p>\n","protected":false},"author":2476,"featured_media":42184,"comment_status":"open","ping_status":"open","sticky":false,"template":"","format":"standard","meta":{"_jetpack_memberships_contains_paid_content":false,"footnotes":""},"categories":[9],"tags":[],"class_list":["post-42183","post","type-post","status-publish","format-standard","has-post-thumbnail","hentry","category-salud"],"jetpack_featured_media_url":"https:\/\/encuentroinformativo.com.mx\/wp-content\/uploads\/2023\/06\/IMG-20230623-WA0016.jpg","jetpack_sharing_enabled":true,"jetpack_likes_enabled":true,"amp_enabled":true,"_links":{"self":[{"href":"https:\/\/encuentroinformativo.com.mx\/index.php?rest_route=\/wp\/v2\/posts\/42183","targetHints":{"allow":["GET"]}}],"collection":[{"href":"https:\/\/encuentroinformativo.com.mx\/index.php?rest_route=\/wp\/v2\/posts"}],"about":[{"href":"https:\/\/encuentroinformativo.com.mx\/index.php?rest_route=\/wp\/v2\/types\/post"}],"author":[{"embeddable":true,"href":"https:\/\/encuentroinformativo.com.mx\/index.php?rest_route=\/wp\/v2\/users\/2476"}],"replies":[{"embeddable":true,"href":"https:\/\/encuentroinformativo.com.mx\/index.php?rest_route=%2Fwp%2Fv2%2Fcomments&post=42183"}],"version-history":[{"count":1,"href":"https:\/\/encuentroinformativo.com.mx\/index.php?rest_route=\/wp\/v2\/posts\/42183\/revisions"}],"predecessor-version":[{"id":42186,"href":"https:\/\/encuentroinformativo.com.mx\/index.php?rest_route=\/wp\/v2\/posts\/42183\/revisions\/42186"}],"wp:featuredmedia":[{"embeddable":true,"href":"https:\/\/encuentroinformativo.com.mx\/index.php?rest_route=\/wp\/v2\/media\/42184"}],"wp:attachment":[{"href":"https:\/\/encuentroinformativo.com.mx\/index.php?rest_route=%2Fwp%2Fv2%2Fmedia&parent=42183"}],"wp:term":[{"taxonomy":"category","embeddable":true,"href":"https:\/\/encuentroinformativo.com.mx\/index.php?rest_route=%2Fwp%2Fv2%2Fcategories&post=42183"},{"taxonomy":"post_tag","embeddable":true,"href":"https:\/\/encuentroinformativo.com.mx\/index.php?rest_route=%2Fwp%2Fv2%2Ftags&post=42183"}],"curies":[{"name":"wp","href":"https:\/\/api.w.org\/{rel}","templated":true}]}}