{"id":42187,"date":"2023-06-23T11:45:04","date_gmt":"2023-06-23T17:45:04","guid":{"rendered":"https:\/\/encuentroinformativo.com.mx\/?p=42187"},"modified":"2023-06-23T11:45:08","modified_gmt":"2023-06-23T17:45:08","slug":"acusan-discriminacion-en-direccion-de-transito","status":"publish","type":"post","link":"https:\/\/encuentroinformativo.com.mx\/?p=42187","title":{"rendered":"Acusan discriminaci\u00f3n en Direcci\u00f3n de Tr\u00e1nsito"},"content":{"rendered":"\n<p><strong>Juan Arcos <\/strong><\/p>\n\n\n\n<p>Xalapa, Ver.- Erick Leonardo Arenas Ojeda es un hombre transg\u00e9nero y desde hace varios a\u00f1os ha sufrido actos de discriminaci\u00f3n por homofobia en la Direcci\u00f3n General de Tr\u00e1nsito y Seguridad Vial (DGTSV), donde se desempe\u00f1a como auxiliar administrativo.<\/p>\n\n\n\n<p>Integrantes de la comunidad diversa protestaron afuera de dicha dependencia, ubicada en la parte trasera del Teatro del Estado \u201cIgnacio de la Llave\u201d, en esta ciudad de Xalapa, para exigir que cesen los ataques contra su compa\u00f1ero.<\/p>\n\n\n\n<p>El quejoso se\u00f1al\u00f3 de actos de discriminaci\u00f3n a elementos y algunos mandos de la Secretar\u00eda de Seguridad P\u00fablica (SSP), dependencia estatal a cargo de Cuauht\u00e9moc Z\u00fa\u00f1iga Bonilla.<\/p>\n\n\n\n<p>Erick tiene una antig\u00fcedad laboral de ocho a\u00f1os y, a partir de su transici\u00f3n de mujer a hombre, en agosto de 2019, comenzaron a atacarlo y acosarlo en su espacio de trabajo.<\/p>\n\n\n\n<p>\u201cA partir de ah\u00ed comienzan a atacarme, a acosarme, a tratarme inferiormente, a poner obst\u00e1culos en el desempe\u00f1o de mi trabajo. Derivado de eso presento una queja en la Comisi\u00f3n Estatal de Derechos Humanos (CEDH) y solicito medidas de protecci\u00f3n al anterior Secretario de Seguridad, que me las concede\u201d, expres\u00f3.<\/p>\n\n\n\n<p>Despu\u00e9s de eso, lo reubicaron al cuartel \u201cHeriberto Jara Corona\u201d, mejor conocido como \u201cSan Jos\u00e9\u201d, donde lamentablemente sigui\u00f3 siendo v\u00edctima de discriminaci\u00f3n por su orientaci\u00f3n sexual.<\/p>\n\n\n\n<p>\u201cLos compa\u00f1eros se resisten a tener un respeto hacia las personas trans, en este caso yo pido que se me trate como var\u00f3n, que se respete mi nombre legal (Erick Leonardo) y solicito al subsecretario que capacite al personal\u201d, agreg\u00f3.<br>Tras solicitar la capacitaci\u00f3n en materia de derechos humanos, comenzaron a hostigarlo laboralmente y a emprender investigaciones administrativas en su contra.<\/p>\n\n\n\n<p>\u201cLa primera que me iniciaron fue para desvirtuar una denuncia p\u00fablica que hice en octubre de 2021 por un ataque que recib\u00ed al interior del ba\u00f1o de los hombres, situaci\u00f3n que expuse tambi\u00e9n al subsecretario y me dijo que eso me pasaba por ser mujer y entrar al ba\u00f1o de varones. Las dem\u00e1s investigaciones que se me han iniciado tambi\u00e9n son con falsedad. Son al interior de la Direcci\u00f3n General de Asuntos Internos, en el \u00f3rgano interno de control de la SSP\u201d, enfatiz\u00f3.<\/p>\n\n\n\n<p>Arenas Ojeda refiri\u00f3 que tambi\u00e9n ha habido ataques a su familia por el ambiente laboral hostil que se ha generado en este caso y teme por su seguridad y la de sus seres queridos.<\/p>\n\n\n\n<p>Por tal motivo, exigi\u00f3 a las autoridades de Veracruz que cese la discriminaci\u00f3n y que haya una sanci\u00f3n contra quienes han ejercido actos de violencia en su contra.<\/p>\n\n\n\n<figure class=\"wp-block-image size-large\"><img loading=\"lazy\" decoding=\"async\" width=\"1024\" height=\"768\" src=\"https:\/\/encuentroinformativo.com.mx\/wp-content\/uploads\/2023\/06\/IMG_6651-1024x768.jpg\" alt=\"\" class=\"wp-image-42189\" srcset=\"https:\/\/encuentroinformativo.com.mx\/wp-content\/uploads\/2023\/06\/IMG_6651-1024x768.jpg 1024w, https:\/\/encuentroinformativo.com.mx\/wp-content\/uploads\/2023\/06\/IMG_6651-300x225.jpg 300w, https:\/\/encuentroinformativo.com.mx\/wp-content\/uploads\/2023\/06\/IMG_6651-768x576.jpg 768w, https:\/\/encuentroinformativo.com.mx\/wp-content\/uploads\/2023\/06\/IMG_6651-1536x1152.jpg 1536w, https:\/\/encuentroinformativo.com.mx\/wp-content\/uploads\/2023\/06\/IMG_6651.jpg 2016w\" sizes=\"auto, (max-width: 1024px) 100vw, 1024px\" \/><\/figure>\n","protected":false},"excerpt":{"rendered":"<p>Juan Arcos Xalapa, Ver.- Erick Leonardo Arenas Ojeda es un hombre transg\u00e9nero y desde hace varios a\u00f1os ha sufrido actos de discriminaci\u00f3n por homofobia en la Direcci\u00f3n General de Tr\u00e1nsito y Seguridad Vial (DGTSV), donde se desempe\u00f1a como auxiliar administrativo. Integrantes de la comunidad diversa protestaron afuera de dicha dependencia, ubicada en la parte trasera [&hellip;]<\/p>\n","protected":false},"author":2476,"featured_media":42188,"comment_status":"open","ping_status":"open","sticky":false,"template":"","format":"standard","meta":{"_jetpack_memberships_contains_paid_content":false,"footnotes":""},"categories":[3],"tags":[],"class_list":["post-42187","post","type-post","status-publish","format-standard","has-post-thumbnail","hentry","category-xalapa"],"jetpack_featured_media_url":"https:\/\/encuentroinformativo.com.mx\/wp-content\/uploads\/2023\/06\/IMG_66452.jpg","jetpack_sharing_enabled":true,"jetpack_likes_enabled":true,"amp_enabled":true,"_links":{"self":[{"href":"https:\/\/encuentroinformativo.com.mx\/index.php?rest_route=\/wp\/v2\/posts\/42187","targetHints":{"allow":["GET"]}}],"collection":[{"href":"https:\/\/encuentroinformativo.com.mx\/index.php?rest_route=\/wp\/v2\/posts"}],"about":[{"href":"https:\/\/encuentroinformativo.com.mx\/index.php?rest_route=\/wp\/v2\/types\/post"}],"author":[{"embeddable":true,"href":"https:\/\/encuentroinformativo.com.mx\/index.php?rest_route=\/wp\/v2\/users\/2476"}],"replies":[{"embeddable":true,"href":"https:\/\/encuentroinformativo.com.mx\/index.php?rest_route=%2Fwp%2Fv2%2Fcomments&post=42187"}],"version-history":[{"count":1,"href":"https:\/\/encuentroinformativo.com.mx\/index.php?rest_route=\/wp\/v2\/posts\/42187\/revisions"}],"predecessor-version":[{"id":42190,"href":"https:\/\/encuentroinformativo.com.mx\/index.php?rest_route=\/wp\/v2\/posts\/42187\/revisions\/42190"}],"wp:featuredmedia":[{"embeddable":true,"href":"https:\/\/encuentroinformativo.com.mx\/index.php?rest_route=\/wp\/v2\/media\/42188"}],"wp:attachment":[{"href":"https:\/\/encuentroinformativo.com.mx\/index.php?rest_route=%2Fwp%2Fv2%2Fmedia&parent=42187"}],"wp:term":[{"taxonomy":"category","embeddable":true,"href":"https:\/\/encuentroinformativo.com.mx\/index.php?rest_route=%2Fwp%2Fv2%2Fcategories&post=42187"},{"taxonomy":"post_tag","embeddable":true,"href":"https:\/\/encuentroinformativo.com.mx\/index.php?rest_route=%2Fwp%2Fv2%2Ftags&post=42187"}],"curies":[{"name":"wp","href":"https:\/\/api.w.org\/{rel}","templated":true}]}}