{"id":42194,"date":"2023-06-23T12:03:49","date_gmt":"2023-06-23T18:03:49","guid":{"rendered":"https:\/\/encuentroinformativo.com.mx\/?p=42194"},"modified":"2023-06-23T12:03:52","modified_gmt":"2023-06-23T18:03:52","slug":"por-calor-incrementa-venta-de-bebidas-refrescantes-y-ventiladores-en-xalapa","status":"publish","type":"post","link":"https:\/\/encuentroinformativo.com.mx\/?p=42194","title":{"rendered":"Por calor, incrementa venta de bebidas refrescantes y ventiladores en Xalapa"},"content":{"rendered":"\n<p><strong>Dar\u00edo Pale <\/strong><\/p>\n\n\n\n<p>Xalapa, Ver.- Venta de cerveza y productos &#8220;refrescantes&#8221; al alza; adem\u00e1s de que no hay desabasto de hielo en purificadoras, as\u00ed lo se\u00f1al\u00f3 el regidor titular de la comisi\u00f3n edilicia de Desarrollo Econ\u00f3mico del Ayuntamiento de Xalapa, Diego Florescano P\u00e9rez.<\/p>\n\n\n\n<p>En entrevista inform\u00f3 que se han modificado algunos patrones de consumo entre la poblaci\u00f3n dado a la ola de calor, por lo que en d\u00edas recientes se observa incremento respecto a ventas de ventiladores y productos refrescantes, refiri\u00f3 \u00a0\u00a0<br>\u201cesto es a nivel nacional; y aqu\u00ed en Xalapa ha incrementado la venta de cerveza, refrescos, agua embotellada, helados y de sueros\u201d, se\u00f1al\u00f3.<\/p>\n\n\n\n<p>Inform\u00f3 que con base en los reportes obtenidos mediante al \u00e1rea de comercio, no hay desabasto de hielo, pero s\u00ed un alto consumo. \u00a0<\/p>\n\n\n\n<p>\u201cSin duda los que est\u00e1n sufriendo un poco m\u00e1s desde el rubro del comercio, son los vendedores ambulantes; son m\u00e1s susceptibles a estar a la intemperie a los golpes de calor, producto de esta temporada at\u00edpica\u201d, coment\u00f3.<\/p>\n\n\n\n<p>En ese sentido, el tambi\u00e9n titular de la comisi\u00f3n edilicia de Protecci\u00f3n Civil reiter\u00f3 la recomendaci\u00f3n a mantenerse en hidrataci\u00f3n y cuidar la salud ante la intensidad de la temperatura como lo sugieren autoridades sanitarias. \u00a0<\/p>\n\n\n\n<p>\u201cSeguimos conminando a la sociedad a que est\u00e9 vigilante de los llamados de las autoridades y que se protejan para evitar un golpe de calor; el cual inicia con mareos, deshidrataci\u00f3n intensa, elevaci\u00f3n de la temperatura corporal y pues bueno desde el Ayuntamiento de Xalapa estamos vigilantes y en atenci\u00f3n permanente ante cualquier situaci\u00f3n que pudiera generarse\u201d, inform\u00f3 en entrevista.<\/p>\n\n\n\n<p>Y es que, consider\u00f3, probablemente, este fin de semana haya mayor afluencia en las playas cercanas a la capital del estado. \u00a0<\/p>\n\n\n\n<p>Finalmente dio a conocer que, \u201cseguro los xalape\u00f1os tratar\u00e1n de ir a refrescarse; creo que este fin de semana ser\u00e1 mucho auge en balnearios y playas\u201d.<\/p>\n","protected":false},"excerpt":{"rendered":"<p>Dar\u00edo Pale Xalapa, Ver.- Venta de cerveza y productos &#8220;refrescantes&#8221; al alza; adem\u00e1s de que no hay desabasto de hielo en purificadoras, as\u00ed lo se\u00f1al\u00f3 el regidor titular de la comisi\u00f3n edilicia de Desarrollo Econ\u00f3mico del Ayuntamiento de Xalapa, Diego Florescano P\u00e9rez. En entrevista inform\u00f3 que se han modificado algunos patrones de consumo entre la [&hellip;]<\/p>\n","protected":false},"author":2476,"featured_media":42195,"comment_status":"open","ping_status":"open","sticky":false,"template":"","format":"standard","meta":{"_jetpack_memberships_contains_paid_content":false,"footnotes":""},"categories":[3],"tags":[],"class_list":["post-42194","post","type-post","status-publish","format-standard","has-post-thumbnail","hentry","category-xalapa"],"jetpack_featured_media_url":"https:\/\/encuentroinformativo.com.mx\/wp-content\/uploads\/2023\/06\/IMG-20230622-WA00782.jpg","jetpack_sharing_enabled":true,"jetpack_likes_enabled":true,"amp_enabled":true,"_links":{"self":[{"href":"https:\/\/encuentroinformativo.com.mx\/index.php?rest_route=\/wp\/v2\/posts\/42194","targetHints":{"allow":["GET"]}}],"collection":[{"href":"https:\/\/encuentroinformativo.com.mx\/index.php?rest_route=\/wp\/v2\/posts"}],"about":[{"href":"https:\/\/encuentroinformativo.com.mx\/index.php?rest_route=\/wp\/v2\/types\/post"}],"author":[{"embeddable":true,"href":"https:\/\/encuentroinformativo.com.mx\/index.php?rest_route=\/wp\/v2\/users\/2476"}],"replies":[{"embeddable":true,"href":"https:\/\/encuentroinformativo.com.mx\/index.php?rest_route=%2Fwp%2Fv2%2Fcomments&post=42194"}],"version-history":[{"count":1,"href":"https:\/\/encuentroinformativo.com.mx\/index.php?rest_route=\/wp\/v2\/posts\/42194\/revisions"}],"predecessor-version":[{"id":42196,"href":"https:\/\/encuentroinformativo.com.mx\/index.php?rest_route=\/wp\/v2\/posts\/42194\/revisions\/42196"}],"wp:featuredmedia":[{"embeddable":true,"href":"https:\/\/encuentroinformativo.com.mx\/index.php?rest_route=\/wp\/v2\/media\/42195"}],"wp:attachment":[{"href":"https:\/\/encuentroinformativo.com.mx\/index.php?rest_route=%2Fwp%2Fv2%2Fmedia&parent=42194"}],"wp:term":[{"taxonomy":"category","embeddable":true,"href":"https:\/\/encuentroinformativo.com.mx\/index.php?rest_route=%2Fwp%2Fv2%2Fcategories&post=42194"},{"taxonomy":"post_tag","embeddable":true,"href":"https:\/\/encuentroinformativo.com.mx\/index.php?rest_route=%2Fwp%2Fv2%2Ftags&post=42194"}],"curies":[{"name":"wp","href":"https:\/\/api.w.org\/{rel}","templated":true}]}}