{"id":42197,"date":"2023-06-23T13:06:10","date_gmt":"2023-06-23T19:06:10","guid":{"rendered":"https:\/\/encuentroinformativo.com.mx\/?p=42197"},"modified":"2023-06-23T13:06:14","modified_gmt":"2023-06-23T19:06:14","slug":"persisten-quejas-por-discriminacion-en-instituciones-de-gobierno-acusa-coalicion-lgbtttiq","status":"publish","type":"post","link":"https:\/\/encuentroinformativo.com.mx\/?p=42197","title":{"rendered":"Persisten quejas por discriminaci\u00f3n en instituciones de gobierno, acusa Coalici\u00f3n LGBTTTIQ"},"content":{"rendered":"\n<p><strong>Dar\u00edo Pale <\/strong><\/p>\n\n\n\n<p>Xalapa, Ver.- Existen 15 quejas por discriminaci\u00f3n y transfobia contra la comunidad LGBTTTIQ en la Secretar\u00eda de Seguridad P\u00fablica (SSP), de Veracruz y tambi\u00e9n hay quejas en otras dependencias como SPC, Segob, SEDESOL, as\u00ed lo se\u00f1al\u00f3 el presidente de la Coalici\u00f3n LGBTTTIQ Benjam\u00edn Callejas Hern\u00e1ndez.<\/p>\n\n\n\n<p>En entrevista inform\u00f3 que tiene conocimiento de al menos 15 casos de discriminaci\u00f3n por homofobia o transfobia al interior de la Secretar\u00eda de Seguridad P\u00fablica, por lo que acompa\u00f1\u00f3 al trabajador de la direcci\u00f3n de Tr\u00e1nsito del Estado, Erick Leonardo Arenas Ojeda.<\/p>\n\n\n\n<p>Resalt\u00f3 que tiene conocimiento de otras quejas en otras dependencias como Protecci\u00f3n Civil del Estado, la Secretar\u00eda de Gobierno y Desarrollo Social, por lo que el representante de la comunidad de la diversidad sexual, opin\u00f3 que para evitar que estos actos se sigan repitiendo hacen falta sanciones ejemplares, porque ya existe una Ley Estatal contra la Discriminaci\u00f3n, as\u00ed como la armonizaci\u00f3n con algunas otras leyes que sancionan la discriminaci\u00f3n en los c\u00f3digos Penal Federal y Estatal.<\/p>\n\n\n\n<p>&#8220;Sin embargo, las autoridades no est\u00e1n tomando con seriedad para que se den las sanciones ejemplares porque lo hemos estado viendo&#8221;, se\u00f1al\u00f3.<\/p>\n\n\n\n<p>&#8220;En el caso de Erick van poco m\u00e1s de 3 a\u00f1os y no se han fincado responsabilidades si quiera un acta administrativa de todo el mal comportamiento que est\u00e1n desarrollando&#8221;, agreg\u00f3.<\/p>\n\n\n\n<p>En ese sentido, consider\u00f3 que una vez que se emitieran las sanciones correspondientes se comenzar\u00e1 a corregir la problem\u00e1tica, sin embargo, insisti\u00f3 en que ni siquiera presentando las denuncias ante la Fiscal\u00eda General del Estado se fincan responsabilidades.<\/p>\n\n\n\n<p>Finalmente Callejas Hern\u00e1ndez puntualiz\u00f3 que las quejas contra los elementos de la SSP por discriminaci\u00f3n tambi\u00e9n incluyen acoso laboral.<\/p>\n","protected":false},"excerpt":{"rendered":"<p>Dar\u00edo Pale Xalapa, Ver.- Existen 15 quejas por discriminaci\u00f3n y transfobia contra la comunidad LGBTTTIQ en la Secretar\u00eda de Seguridad P\u00fablica (SSP), de Veracruz y tambi\u00e9n hay quejas en otras dependencias como SPC, Segob, SEDESOL, as\u00ed lo se\u00f1al\u00f3 el presidente de la Coalici\u00f3n LGBTTTIQ Benjam\u00edn Callejas Hern\u00e1ndez. En entrevista inform\u00f3 que tiene conocimiento de al [&hellip;]<\/p>\n","protected":false},"author":2476,"featured_media":40787,"comment_status":"open","ping_status":"open","sticky":false,"template":"","format":"standard","meta":{"_jetpack_memberships_contains_paid_content":false,"footnotes":""},"categories":[2],"tags":[],"class_list":["post-42197","post","type-post","status-publish","format-standard","has-post-thumbnail","hentry","category-estado"],"jetpack_featured_media_url":"https:\/\/encuentroinformativo.com.mx\/wp-content\/uploads\/2023\/05\/Photo_1684380514476.jpg","jetpack_sharing_enabled":true,"jetpack_likes_enabled":true,"amp_enabled":true,"_links":{"self":[{"href":"https:\/\/encuentroinformativo.com.mx\/index.php?rest_route=\/wp\/v2\/posts\/42197","targetHints":{"allow":["GET"]}}],"collection":[{"href":"https:\/\/encuentroinformativo.com.mx\/index.php?rest_route=\/wp\/v2\/posts"}],"about":[{"href":"https:\/\/encuentroinformativo.com.mx\/index.php?rest_route=\/wp\/v2\/types\/post"}],"author":[{"embeddable":true,"href":"https:\/\/encuentroinformativo.com.mx\/index.php?rest_route=\/wp\/v2\/users\/2476"}],"replies":[{"embeddable":true,"href":"https:\/\/encuentroinformativo.com.mx\/index.php?rest_route=%2Fwp%2Fv2%2Fcomments&post=42197"}],"version-history":[{"count":1,"href":"https:\/\/encuentroinformativo.com.mx\/index.php?rest_route=\/wp\/v2\/posts\/42197\/revisions"}],"predecessor-version":[{"id":42198,"href":"https:\/\/encuentroinformativo.com.mx\/index.php?rest_route=\/wp\/v2\/posts\/42197\/revisions\/42198"}],"wp:featuredmedia":[{"embeddable":true,"href":"https:\/\/encuentroinformativo.com.mx\/index.php?rest_route=\/wp\/v2\/media\/40787"}],"wp:attachment":[{"href":"https:\/\/encuentroinformativo.com.mx\/index.php?rest_route=%2Fwp%2Fv2%2Fmedia&parent=42197"}],"wp:term":[{"taxonomy":"category","embeddable":true,"href":"https:\/\/encuentroinformativo.com.mx\/index.php?rest_route=%2Fwp%2Fv2%2Fcategories&post=42197"},{"taxonomy":"post_tag","embeddable":true,"href":"https:\/\/encuentroinformativo.com.mx\/index.php?rest_route=%2Fwp%2Fv2%2Ftags&post=42197"}],"curies":[{"name":"wp","href":"https:\/\/api.w.org\/{rel}","templated":true}]}}