{"id":4220,"date":"2020-07-19T13:03:56","date_gmt":"2020-07-19T18:03:56","guid":{"rendered":"https:\/\/encuentroinformativo.com\/?p=4220"},"modified":"2020-07-19T13:03:59","modified_gmt":"2020-07-19T18:03:59","slug":"veracruz-seguira-con-semaforo-rojo-por-covid","status":"publish","type":"post","link":"https:\/\/encuentroinformativo.com.mx\/?p=4220","title":{"rendered":"Veracruz seguir\u00e1 con sem\u00e1foro rojo por Covid"},"content":{"rendered":"\n<p><strong>Juan Arcos <\/strong><\/p>\n\n\n\n<p>Xalapa, Ver.- El estado de Veracruz rebas\u00f3 los 16 mil casos positivos de SARS-COV-2 (COVID-19).<\/p>\n\n\n\n<p>De viernes para s\u00e1bado, la Secretar\u00eda de Salud report\u00f3 435 nuevos casos en la entidad, siendo una total de 16 mil 338 en 187 de los 212 municipios.<\/p>\n\n\n\n<p>Las autoridades estatales tambi\u00e9n registraron 2 mil 194 fallecimientos en 135 demarcaciones, 23 nuevos casos en s\u00f3lo 24 horas.<\/p>\n\n\n\n<p>Del lunes 20 al domingo 26 de julio, el sem\u00e1foro regional en Veracruz continuar\u00e1 en color rojo para 169 municipios y en naranja para 43 municipios.<\/p>\n\n\n\n<p>En Xalapa, la cifra de casos de COVID-19 se duplic\u00f3 en s\u00f3lo dos semanas. Inici\u00f3 el mes con 407 casos y recientemente la Secretar\u00eda de Salud report\u00f3 865 casos positivos.<\/p>\n\n\n\n<p>La capital del estado pas\u00f3 al cuarto lugar estatal con m\u00e1s casos detectados de esta enfermedad.<\/p>\n\n\n\n<p>S\u00f3lo la superan los municipios de Veracruz con 4 mil 255, Coatzacoalcos con mil 243 y C\u00f3rdoba con mil 36 positivos.<\/p>\n\n\n\n<p>Contin\u00faan los operativos en 38 municipios de la entidad para restringir la movilidad y reducir aglomeraciones. Consisten en filtros sanitarios, supervisi\u00f3n de comercios, control del tr\u00e1nsito de personas, restricci\u00f3n de pasajeros en transporte p\u00fablico y privado al 50 por ciento, uso obligatorio de cubrebocas y desinfecci\u00f3n de unidades del servicio p\u00fablico.<\/p>\n\n\n\n<p>El cierre de las calles, en un horario de las siete de la ma\u00f1ana a las seis de la tarde, disminuy\u00f3 la presencia de ciudadanos en el Centro Hist\u00f3rico de Xalapa.<\/p>\n\n\n\n<p>Decenas de comerciantes establecidos marcharon el pasado jueves 16 de julio en dicha ciudad, para exigir la reapertura de las calles, debido a que sus ventas hab\u00edan ca\u00eddo 90 por ciento.<\/p>\n\n\n\n<p>Sin embargo, despu\u00e9s de dialogar con autoridades del ayuntamiento de Xalapa, accedieron a la instalaci\u00f3n de los filtros para evitar la propagaci\u00f3n del COVID-19.<\/p>\n\n\n\n<p><\/p>\n","protected":false},"excerpt":{"rendered":"<p>Juan Arcos Xalapa, Ver.- El estado de Veracruz rebas\u00f3 los 16 mil casos positivos de SARS-COV-2 (COVID-19). De viernes para s\u00e1bado, la Secretar\u00eda de Salud report\u00f3 435 nuevos casos en la entidad, siendo una total de 16 mil 338 en 187 de los 212 municipios. Las autoridades estatales tambi\u00e9n registraron 2 mil 194 fallecimientos en [&hellip;]<\/p>\n","protected":false},"author":1,"featured_media":4221,"comment_status":"open","ping_status":"open","sticky":false,"template":"","format":"standard","meta":{"_jetpack_memberships_contains_paid_content":false,"footnotes":""},"categories":[9],"tags":[],"class_list":["post-4220","post","type-post","status-publish","format-standard","has-post-thumbnail","hentry","category-salud"],"jetpack_featured_media_url":"https:\/\/encuentroinformativo.com.mx\/wp-content\/uploads\/2020\/07\/F46F2487-D5C5-4959-904E-4BAE2D3F4E76.jpeg","jetpack_sharing_enabled":true,"jetpack_likes_enabled":true,"amp_enabled":true,"_links":{"self":[{"href":"https:\/\/encuentroinformativo.com.mx\/index.php?rest_route=\/wp\/v2\/posts\/4220","targetHints":{"allow":["GET"]}}],"collection":[{"href":"https:\/\/encuentroinformativo.com.mx\/index.php?rest_route=\/wp\/v2\/posts"}],"about":[{"href":"https:\/\/encuentroinformativo.com.mx\/index.php?rest_route=\/wp\/v2\/types\/post"}],"author":[{"embeddable":true,"href":"https:\/\/encuentroinformativo.com.mx\/index.php?rest_route=\/wp\/v2\/users\/1"}],"replies":[{"embeddable":true,"href":"https:\/\/encuentroinformativo.com.mx\/index.php?rest_route=%2Fwp%2Fv2%2Fcomments&post=4220"}],"version-history":[{"count":1,"href":"https:\/\/encuentroinformativo.com.mx\/index.php?rest_route=\/wp\/v2\/posts\/4220\/revisions"}],"predecessor-version":[{"id":4222,"href":"https:\/\/encuentroinformativo.com.mx\/index.php?rest_route=\/wp\/v2\/posts\/4220\/revisions\/4222"}],"wp:featuredmedia":[{"embeddable":true,"href":"https:\/\/encuentroinformativo.com.mx\/index.php?rest_route=\/wp\/v2\/media\/4221"}],"wp:attachment":[{"href":"https:\/\/encuentroinformativo.com.mx\/index.php?rest_route=%2Fwp%2Fv2%2Fmedia&parent=4220"}],"wp:term":[{"taxonomy":"category","embeddable":true,"href":"https:\/\/encuentroinformativo.com.mx\/index.php?rest_route=%2Fwp%2Fv2%2Fcategories&post=4220"},{"taxonomy":"post_tag","embeddable":true,"href":"https:\/\/encuentroinformativo.com.mx\/index.php?rest_route=%2Fwp%2Fv2%2Ftags&post=4220"}],"curies":[{"name":"wp","href":"https:\/\/api.w.org\/{rel}","templated":true}]}}