{"id":42204,"date":"2023-06-23T15:03:14","date_gmt":"2023-06-23T21:03:14","guid":{"rendered":"https:\/\/encuentroinformativo.com.mx\/?p=42204"},"modified":"2023-06-23T15:03:16","modified_gmt":"2023-06-23T21:03:16","slug":"enfrenta-crisis-hospital-de-alta-especialidad-acusa-senador","status":"publish","type":"post","link":"https:\/\/encuentroinformativo.com.mx\/?p=42204","title":{"rendered":"Enfrenta crisis hospital de Alta Especialidad, acusa Senador"},"content":{"rendered":"\n<p><strong>Alejandro \u00c1vila<\/strong><\/p>\n\n\n\n<p>Veracruz, Ver.- El Hospital Regional de Veracruz, que en su momento fue considerado de Alta Especialidad sufre una crisis operativa, pues a la falta de aire acondicionado, se le suma la escasez de agua, denunci\u00f3 el Senador, Julen Rementer\u00eda del Puerto.<\/p>\n\n\n\n<p>El legislador panista mencion\u00f3 que el sistema de salud veracruzano ha sido el &#8220;tal\u00f3n de Aquiles&#8221; del gobierno de, Cuitl\u00e1huac Garc\u00eda Jim\u00e9nez.<\/p>\n\n\n\n<p>Rementer\u00eda del Puerto expuso que es inadmisible que un hospital que presum\u00eda ser de vanguardia, y donde a diario se tendr\u00edan que estar salvando vidas y llevando a cabo intervenciones quir\u00fargicas de alto riesgo, hoy carezca de algo tan esencial como es el agua para poder operar al menos decentemente.&nbsp;<\/p>\n\n\n\n<p>\u201cEstos son los resultados de la austeridad republicana. De un gobierno que prefiere el clientelismo pol\u00edtico y que la gente piense en \u201ccorcholatas\u201d y procesos electorales; pero que descuida algo tan esencial como la vida y la salud de ocho millones de veracruzanos, ni en los gobiernos anteriores que tanto critican hab\u00eda sucedido algo as\u00ed y ahora hasta el contenedor del hospital se qued\u00f3 sin agua\u201d, inform\u00f3.&nbsp;<\/p>\n\n\n\n<p>El Senador veracruzano expuso que la queja de no tener agua en el Hospital General de Alta Especialidad del Puerto de Veracruz, y de que llevan semanas sin tener aire acondicionado, lo cual vuelve insoportable trabajar en altas temperaturas, viene de los mismos trabajadores y pacientes de este nosocomio, quienes ya no aguantan la ola de calor, pero tampoco soportan ya un gobierno negligente, omiso e incapaz de administrar correctamente los servicios de salud de Veracruz.&nbsp;<\/p>\n\n\n\n<p>\u201cEs inaceptable que un hospital est\u00e9 sin agua, esto es importante hasta para los procesos quir\u00fargicos y hoy no tienen agua ni para esterilizar el material quir\u00fargico y los quir\u00f3fanos y para colmo sin aire acondicionado que imposibilita tambi\u00e9n las intervenciones m\u00e9dicas y riesgos por el calor insoportable y con instalaciones al m\u00e1ximo de pacientes\u201d, apunt\u00f3.<\/p>\n\n\n\n<p>Rementer\u00eda del Puerto destac\u00f3 que, lo que pasa en el hospital del Puerto de Veracruz es apenas un bot\u00f3n de lo que ocurre en general en cada uno de los hospitales de nuestro estado.<\/p>\n\n\n\n<p>\u201cSi no es la falta de agua, es el desabasto de medicamentos, o la suspensi\u00f3n de quimioterapias, o la negaci\u00f3n a intervenir quir\u00fargicamente porque no hay cirujanos. Hoy el sistema de salud de Veracruz es el gran tal\u00f3n de Aquiles de este gobierno de Cuitl\u00e1huac Garc\u00eda Jim\u00e9nez y en general de la Cuarta Transformaci\u00f3n\u201d concluy\u00f3.<\/p>\n\n\n\n<p>Cabe recordar que el Gobierno Federal est\u00e1 en transici\u00f3n para crear el IMSS Bienestar tras el fracaso del INSABI; y este viernes enfermeros y familiares de pacientes del IMSS UMAE 14 en Veracruz puerto, denunciaron la falta de aire acondicionado, tambi\u00e9n en Poza Rica, los trabajadores del IMSS colocaron ventiladores en el cuarto de m\u00e1quinas ante la falta de aire acondicionado, y para evitar una afectaci\u00f3n mayor al equipo de trabajo.<\/p>\n","protected":false},"excerpt":{"rendered":"<p>Alejandro \u00c1vila Veracruz, Ver.- El Hospital Regional de Veracruz, que en su momento fue considerado de Alta Especialidad sufre una crisis operativa, pues a la falta de aire acondicionado, se le suma la escasez de agua, denunci\u00f3 el Senador, Julen Rementer\u00eda del Puerto. El legislador panista mencion\u00f3 que el sistema de salud veracruzano ha sido [&hellip;]<\/p>\n","protected":false},"author":2476,"featured_media":42205,"comment_status":"open","ping_status":"open","sticky":false,"template":"","format":"standard","meta":{"_jetpack_memberships_contains_paid_content":false,"footnotes":""},"categories":[9],"tags":[],"class_list":["post-42204","post","type-post","status-publish","format-standard","has-post-thumbnail","hentry","category-salud"],"jetpack_featured_media_url":"https:\/\/encuentroinformativo.com.mx\/wp-content\/uploads\/2023\/06\/IMG-20230623-WA0078.jpg","jetpack_sharing_enabled":true,"jetpack_likes_enabled":true,"amp_enabled":true,"_links":{"self":[{"href":"https:\/\/encuentroinformativo.com.mx\/index.php?rest_route=\/wp\/v2\/posts\/42204","targetHints":{"allow":["GET"]}}],"collection":[{"href":"https:\/\/encuentroinformativo.com.mx\/index.php?rest_route=\/wp\/v2\/posts"}],"about":[{"href":"https:\/\/encuentroinformativo.com.mx\/index.php?rest_route=\/wp\/v2\/types\/post"}],"author":[{"embeddable":true,"href":"https:\/\/encuentroinformativo.com.mx\/index.php?rest_route=\/wp\/v2\/users\/2476"}],"replies":[{"embeddable":true,"href":"https:\/\/encuentroinformativo.com.mx\/index.php?rest_route=%2Fwp%2Fv2%2Fcomments&post=42204"}],"version-history":[{"count":1,"href":"https:\/\/encuentroinformativo.com.mx\/index.php?rest_route=\/wp\/v2\/posts\/42204\/revisions"}],"predecessor-version":[{"id":42206,"href":"https:\/\/encuentroinformativo.com.mx\/index.php?rest_route=\/wp\/v2\/posts\/42204\/revisions\/42206"}],"wp:featuredmedia":[{"embeddable":true,"href":"https:\/\/encuentroinformativo.com.mx\/index.php?rest_route=\/wp\/v2\/media\/42205"}],"wp:attachment":[{"href":"https:\/\/encuentroinformativo.com.mx\/index.php?rest_route=%2Fwp%2Fv2%2Fmedia&parent=42204"}],"wp:term":[{"taxonomy":"category","embeddable":true,"href":"https:\/\/encuentroinformativo.com.mx\/index.php?rest_route=%2Fwp%2Fv2%2Fcategories&post=42204"},{"taxonomy":"post_tag","embeddable":true,"href":"https:\/\/encuentroinformativo.com.mx\/index.php?rest_route=%2Fwp%2Fv2%2Ftags&post=42204"}],"curies":[{"name":"wp","href":"https:\/\/api.w.org\/{rel}","templated":true}]}}