{"id":42207,"date":"2023-06-23T15:28:20","date_gmt":"2023-06-23T21:28:20","guid":{"rendered":"https:\/\/encuentroinformativo.com.mx\/?p=42207"},"modified":"2023-06-23T15:28:24","modified_gmt":"2023-06-23T21:28:24","slug":"crece-oferta-turistica-de-coatepec","status":"publish","type":"post","link":"https:\/\/encuentroinformativo.com.mx\/?p=42207","title":{"rendered":"Crece oferta tur\u00edstica de Coatepec"},"content":{"rendered":"\n<p><strong>Alejandro \u00c1vila<\/strong><\/p>\n\n\n\n<p>Coatepec, Ver.- La oferta de atractivos tur\u00edsticos de Coatepec aumenta con un nuevo espacio: Terraza Orqu\u00eddea, sitio que tendr\u00e1 a disposici\u00f3n de quienes visiten el Museo de la Orqu\u00eddea, alimentos y bebidas locales que podr\u00e1n degustarse a la par de disfrutar la vista del Pueblo M\u00e1gico.<\/p>\n\n\n\n<p>Este viernes, en las instalaciones del inmueble fue presentado este concepto por parte del director del Museo de la Orqu\u00eddea, \u00d3scar Espino Contreras, quien en conjunto con un grupo de empresarios locales, buscan tambi\u00e9n reactivar la econom\u00eda de esta demarcaci\u00f3n.&nbsp;<\/p>\n\n\n\n<p>&#8220;Se trata de un esfuerzo que hemos hecho un grupo de empresarios de aqu\u00ed de Coatepec, que invertimos porque seguimos creyendo en la vocaci\u00f3n turistica de Coatepec como Pueblo M\u00e1gico y que decidimos hacer equipo para hacer este espacio&#8221;.<\/p>\n\n\n\n<p>Son seis empresarios con diferentes productos dentro del rubro de alimentos y bebidas que est\u00e1n impulsando a la cadena de valor de Coatepec, porque tambi\u00e9n, este espacio genera empleos y busca activar la derrama economica al municipio de cara al periodo vacacional de verano.&nbsp;<\/p>\n\n\n\n<p>&#8220;Es un ejemplo de como debemos y podemos trabajar los empresarios en Coatepec para ir armando proyectos que puedan beneficiar y generar empleos y contribuir al desarrollo econ\u00f3mico de Coatepec y que por supuesto sigan detonando el inter\u00e9s de quienes visitan este Pueblo M\u00e1gico&#8221;.&nbsp;<\/p>\n\n\n\n<p>Terraza Orqu\u00eddea, se ubica al interior de una de las casas m\u00e1s emblem\u00e1ticas del municipio coatepecano, la misma donde naci\u00f3 la poetisa, Mar\u00eda Enriqueta, y que tambi\u00e9n alberga al Museo de la Orqu\u00eddea.<\/p>\n\n\n\n<p>&#8220;La vista que tiene esta casa del centro hist\u00f3rico de Coatepec, tambi\u00e9n se vuelve un punto obligado para todos los visitantes de nuestro Pueblo M\u00e1gico&#8221;.<\/p>\n\n\n\n<p>Ser\u00e1 a partir de este s\u00e1bado 24 de junio cuando se encuentre lista para recibir a quienes deseen visitarla a partir de las 11 de la ma\u00f1ana a 8 de la noche en Jim\u00e9nez del Campillo #15, frente a Casa de Cultura de Coatepec.<\/p>\n","protected":false},"excerpt":{"rendered":"<p>Alejandro \u00c1vila Coatepec, Ver.- La oferta de atractivos tur\u00edsticos de Coatepec aumenta con un nuevo espacio: Terraza Orqu\u00eddea, sitio que tendr\u00e1 a disposici\u00f3n de quienes visiten el Museo de la Orqu\u00eddea, alimentos y bebidas locales que podr\u00e1n degustarse a la par de disfrutar la vista del Pueblo M\u00e1gico. Este viernes, en las instalaciones del inmueble [&hellip;]<\/p>\n","protected":false},"author":2476,"featured_media":42208,"comment_status":"open","ping_status":"open","sticky":false,"template":"","format":"standard","meta":{"_jetpack_memberships_contains_paid_content":false,"footnotes":""},"categories":[8],"tags":[],"class_list":["post-42207","post","type-post","status-publish","format-standard","has-post-thumbnail","hentry","category-region"],"jetpack_featured_media_url":"https:\/\/encuentroinformativo.com.mx\/wp-content\/uploads\/2023\/06\/IMG-20230623-WA0075.jpg","jetpack_sharing_enabled":true,"jetpack_likes_enabled":true,"amp_enabled":true,"_links":{"self":[{"href":"https:\/\/encuentroinformativo.com.mx\/index.php?rest_route=\/wp\/v2\/posts\/42207","targetHints":{"allow":["GET"]}}],"collection":[{"href":"https:\/\/encuentroinformativo.com.mx\/index.php?rest_route=\/wp\/v2\/posts"}],"about":[{"href":"https:\/\/encuentroinformativo.com.mx\/index.php?rest_route=\/wp\/v2\/types\/post"}],"author":[{"embeddable":true,"href":"https:\/\/encuentroinformativo.com.mx\/index.php?rest_route=\/wp\/v2\/users\/2476"}],"replies":[{"embeddable":true,"href":"https:\/\/encuentroinformativo.com.mx\/index.php?rest_route=%2Fwp%2Fv2%2Fcomments&post=42207"}],"version-history":[{"count":1,"href":"https:\/\/encuentroinformativo.com.mx\/index.php?rest_route=\/wp\/v2\/posts\/42207\/revisions"}],"predecessor-version":[{"id":42209,"href":"https:\/\/encuentroinformativo.com.mx\/index.php?rest_route=\/wp\/v2\/posts\/42207\/revisions\/42209"}],"wp:featuredmedia":[{"embeddable":true,"href":"https:\/\/encuentroinformativo.com.mx\/index.php?rest_route=\/wp\/v2\/media\/42208"}],"wp:attachment":[{"href":"https:\/\/encuentroinformativo.com.mx\/index.php?rest_route=%2Fwp%2Fv2%2Fmedia&parent=42207"}],"wp:term":[{"taxonomy":"category","embeddable":true,"href":"https:\/\/encuentroinformativo.com.mx\/index.php?rest_route=%2Fwp%2Fv2%2Fcategories&post=42207"},{"taxonomy":"post_tag","embeddable":true,"href":"https:\/\/encuentroinformativo.com.mx\/index.php?rest_route=%2Fwp%2Fv2%2Ftags&post=42207"}],"curies":[{"name":"wp","href":"https:\/\/api.w.org\/{rel}","templated":true}]}}