{"id":42226,"date":"2023-06-24T16:15:46","date_gmt":"2023-06-24T22:15:46","guid":{"rendered":"https:\/\/encuentroinformativo.com.mx\/?p=42226"},"modified":"2023-06-24T16:57:44","modified_gmt":"2023-06-24T22:57:44","slug":"con-marcha-defienden-simpatizantes-al-alcalde-banderillense","status":"publish","type":"post","link":"https:\/\/encuentroinformativo.com.mx\/?p=42226","title":{"rendered":"Con marcha, defienden simpatizantes al alcalde banderillense"},"content":{"rendered":"\n<p><strong>Dar\u00edo Pale <\/strong><\/p>\n\n\n\n<p>Xalapa, Ver.- Acusan que manifestaciones por falta de agua en Banderilla son con fines partidistas, as\u00ed lo se\u00f1al\u00f3 Carolina Carballo Arizmendi.<\/p>\n\n\n\n<p>Entrevistada durante la marcha y tras los bloqueos viales que&nbsp; hicieron en d\u00edas pasados habitantes de Banderilla por falta de agua, este s\u00e1bado un grupo de simpatizantes del presidente municipal David San Gabriel Bonilla marcharon y aseguraron que s\u00ed&nbsp; cuentan con el apoyo del ayuntamiento para recibir el l\u00edquido en sus casas.<\/p>\n\n\n\n<p>Acusaron que durante la manifestaci\u00f3n del pasado lunes un grupo de vecinos le grit\u00f3 que renunciara e incluso le aventaron huevos cuando se retiraba del bloqueo en el boulevard Xalapa-Banderilla sin alguna soluci\u00f3n posible para abastecer a todo el municipio, un grupo de vecinos y jefes de manzana organizaron esta manifestaci\u00f3n para respaldarlo. Los asistentes vistieron de azul y blanco, colores que representan al Partido Acci\u00f3n Nacional (PAN) por el que fue postulado el alcalde.<\/p>\n\n\n\n<p>\u201cEn el tema del agua siempre nos ha apoyado, ha estado surtiendo equitativamente a todas las colonias y ahorita pas\u00f3 este hecho, pero pues aqu\u00ed estamos todos, en acuerdo que \u00e9l siga en el puesto en el que est\u00e1, porque todos los que estamos aqu\u00ed y hasta los que estaban ese d\u00eda votamos por \u00e9l\u201d, coment\u00f3.<\/p>\n\n\n\n<p>Aunque negaron que dicha manifestaci\u00f3n fuera organizada por el Ayuntamiento, Manuel Herminio Padilla Tapia, jefe de manzana de la colinia Ocotita acudi\u00f3 con ropa con logotipos del Ayuntamiento.<\/p>\n\n\n\n<p>Al descalificar a los manifestantes que bloquearon la semana pasada, acus\u00f3 que son utilizados con fines pol\u00edticos por un l\u00edder del Partido Revolucionario Institucional (PRI).<\/p>\n\n\n\n<p>\u201cSon personas de otros partidos que est\u00e1n en contra del movimiento de David. Es meternos en cosas serias, pero don Miguel, el se\u00f1or pel\u00f3n es priista, es cuesti\u00f3n de no acabar y meternos en problemas\u201d, coment\u00f3.<\/p>\n\n\n\n<p>En dicha manifestaci\u00f3n participaron integrantes del&nbsp; Frente de Defensa Popular (FREDEPO).<\/p>\n\n\n\n<figure class=\"wp-block-image size-large\"><img loading=\"lazy\" decoding=\"async\" width=\"1024\" height=\"768\" src=\"https:\/\/encuentroinformativo.com.mx\/wp-content\/uploads\/2023\/06\/IMG-20230624-WA0031-1024x768.jpg\" alt=\"\" class=\"wp-image-42228\" srcset=\"https:\/\/encuentroinformativo.com.mx\/wp-content\/uploads\/2023\/06\/IMG-20230624-WA0031-1024x768.jpg 1024w, https:\/\/encuentroinformativo.com.mx\/wp-content\/uploads\/2023\/06\/IMG-20230624-WA0031-300x225.jpg 300w, https:\/\/encuentroinformativo.com.mx\/wp-content\/uploads\/2023\/06\/IMG-20230624-WA0031-768x576.jpg 768w, https:\/\/encuentroinformativo.com.mx\/wp-content\/uploads\/2023\/06\/IMG-20230624-WA0031-1536x1152.jpg 1536w, https:\/\/encuentroinformativo.com.mx\/wp-content\/uploads\/2023\/06\/IMG-20230624-WA0031.jpg 1600w\" sizes=\"auto, (max-width: 1024px) 100vw, 1024px\" \/><\/figure>\n","protected":false},"excerpt":{"rendered":"<p>Dar\u00edo Pale Xalapa, Ver.- Acusan que manifestaciones por falta de agua en Banderilla son con fines partidistas, as\u00ed lo se\u00f1al\u00f3 Carolina Carballo Arizmendi. Entrevistada durante la marcha y tras los bloqueos viales que&nbsp; hicieron en d\u00edas pasados habitantes de Banderilla por falta de agua, este s\u00e1bado un grupo de simpatizantes del presidente municipal David San [&hellip;]<\/p>\n","protected":false},"author":2476,"featured_media":42227,"comment_status":"open","ping_status":"open","sticky":false,"template":"","format":"standard","meta":{"_jetpack_memberships_contains_paid_content":false,"footnotes":""},"categories":[8],"tags":[],"class_list":["post-42226","post","type-post","status-publish","format-standard","has-post-thumbnail","hentry","category-region"],"jetpack_featured_media_url":"https:\/\/encuentroinformativo.com.mx\/wp-content\/uploads\/2023\/06\/IMG-20230624-WA0035.jpg","jetpack_sharing_enabled":true,"jetpack_likes_enabled":true,"amp_enabled":true,"_links":{"self":[{"href":"https:\/\/encuentroinformativo.com.mx\/index.php?rest_route=\/wp\/v2\/posts\/42226","targetHints":{"allow":["GET"]}}],"collection":[{"href":"https:\/\/encuentroinformativo.com.mx\/index.php?rest_route=\/wp\/v2\/posts"}],"about":[{"href":"https:\/\/encuentroinformativo.com.mx\/index.php?rest_route=\/wp\/v2\/types\/post"}],"author":[{"embeddable":true,"href":"https:\/\/encuentroinformativo.com.mx\/index.php?rest_route=\/wp\/v2\/users\/2476"}],"replies":[{"embeddable":true,"href":"https:\/\/encuentroinformativo.com.mx\/index.php?rest_route=%2Fwp%2Fv2%2Fcomments&post=42226"}],"version-history":[{"count":1,"href":"https:\/\/encuentroinformativo.com.mx\/index.php?rest_route=\/wp\/v2\/posts\/42226\/revisions"}],"predecessor-version":[{"id":42229,"href":"https:\/\/encuentroinformativo.com.mx\/index.php?rest_route=\/wp\/v2\/posts\/42226\/revisions\/42229"}],"wp:featuredmedia":[{"embeddable":true,"href":"https:\/\/encuentroinformativo.com.mx\/index.php?rest_route=\/wp\/v2\/media\/42227"}],"wp:attachment":[{"href":"https:\/\/encuentroinformativo.com.mx\/index.php?rest_route=%2Fwp%2Fv2%2Fmedia&parent=42226"}],"wp:term":[{"taxonomy":"category","embeddable":true,"href":"https:\/\/encuentroinformativo.com.mx\/index.php?rest_route=%2Fwp%2Fv2%2Fcategories&post=42226"},{"taxonomy":"post_tag","embeddable":true,"href":"https:\/\/encuentroinformativo.com.mx\/index.php?rest_route=%2Fwp%2Fv2%2Ftags&post=42226"}],"curies":[{"name":"wp","href":"https:\/\/api.w.org\/{rel}","templated":true}]}}