{"id":42232,"date":"2023-06-25T14:25:24","date_gmt":"2023-06-25T20:25:24","guid":{"rendered":"https:\/\/encuentroinformativo.com.mx\/?p=42232"},"modified":"2023-06-25T14:25:56","modified_gmt":"2023-06-25T20:25:56","slug":"solicitan-apoyo-para-localizar-a-joshua-alejandro","status":"publish","type":"post","link":"https:\/\/encuentroinformativo.com.mx\/?p=42232","title":{"rendered":"Solicitan apoyo para localizar a Joshua Alejandro"},"content":{"rendered":"\n<p><strong>Juan Arcos <\/strong><\/p>\n\n\n\n<p>Xalapa, Ver.- Joshua Alejandro Castilla Mendoza fue visto por \u00faltima vez en la ciudad de Cardel, municipio de La Antigua. Sus familiares exigen a las autoridades que investiguen para que sea localizado con vida.<\/p>\n\n\n\n<p>La Comisi\u00f3n Estatal de B\u00fasqueda de Veracruz emiti\u00f3 la ficha con los datos particulares del joven, de 35 a\u00f1os, quien fue levantado el pasado jueves 22 de junio.<\/p>\n\n\n\n<p>Joshua es originario de Xalapa. Labora como comerciante de productos de anime y manga, pero fue privado de su libertad y sus familiares no tienen m\u00e1s informaci\u00f3n al respecto.<\/p>\n\n\n\n<p>El joven mide un metro con 75 cent\u00edmetros. Tiene color de piel morena clara, cabello casta\u00f1o, oscuro, lacio y corto.<\/p>\n\n\n\n<p>C\u00f3mo se\u00f1as particulares tiene tatuajes en la pierna derecha, espalda y brazo, as\u00ed como una perforaci\u00f3n en la oreja izquierda.<\/p>\n\n\n\n<p>Joshua Alejandro Castilla Mendoza es de la ciudad de Xalapa y sus familiares y amigos distribuyeron la ficha que emiti\u00f3 la Comisi\u00f3n Estatal de B\u00fasqueda de Veracruz, para que los ciudadanos puedan aportar informaci\u00f3n en caso de haberlo visto en alg\u00fan lugar.<\/p>\n\n\n\n<p>Las autoridades difundieron el n\u00famero de contacto 2283193187 para que se comuniquen quienes tengan informaci\u00f3n sobre su paradero.<\/p>\n\n\n\n<figure class=\"wp-block-image size-large\"><img loading=\"lazy\" decoding=\"async\" width=\"960\" height=\"960\" src=\"https:\/\/encuentroinformativo.com.mx\/wp-content\/uploads\/2023\/06\/f9b7a4ba-191d-429d-8241-63175b6288bd.jpg\" alt=\"\" class=\"wp-image-42233\" srcset=\"https:\/\/encuentroinformativo.com.mx\/wp-content\/uploads\/2023\/06\/f9b7a4ba-191d-429d-8241-63175b6288bd.jpg 960w, https:\/\/encuentroinformativo.com.mx\/wp-content\/uploads\/2023\/06\/f9b7a4ba-191d-429d-8241-63175b6288bd-300x300.jpg 300w, https:\/\/encuentroinformativo.com.mx\/wp-content\/uploads\/2023\/06\/f9b7a4ba-191d-429d-8241-63175b6288bd-150x150.jpg 150w, https:\/\/encuentroinformativo.com.mx\/wp-content\/uploads\/2023\/06\/f9b7a4ba-191d-429d-8241-63175b6288bd-768x768.jpg 768w\" sizes=\"auto, (max-width: 960px) 100vw, 960px\" \/><\/figure>\n","protected":false},"excerpt":{"rendered":"<p>Juan Arcos Xalapa, Ver.- Joshua Alejandro Castilla Mendoza fue visto por \u00faltima vez en la ciudad de Cardel, municipio de La Antigua. Sus familiares exigen a las autoridades que investiguen para que sea localizado con vida. La Comisi\u00f3n Estatal de B\u00fasqueda de Veracruz emiti\u00f3 la ficha con los datos particulares del joven, de 35 a\u00f1os, [&hellip;]<\/p>\n","protected":false},"author":2476,"featured_media":42233,"comment_status":"open","ping_status":"open","sticky":false,"template":"","format":"standard","meta":{"_jetpack_memberships_contains_paid_content":false,"footnotes":""},"categories":[8],"tags":[],"class_list":["post-42232","post","type-post","status-publish","format-standard","has-post-thumbnail","hentry","category-region"],"jetpack_featured_media_url":"https:\/\/encuentroinformativo.com.mx\/wp-content\/uploads\/2023\/06\/f9b7a4ba-191d-429d-8241-63175b6288bd.jpg","jetpack_sharing_enabled":true,"jetpack_likes_enabled":true,"amp_enabled":true,"_links":{"self":[{"href":"https:\/\/encuentroinformativo.com.mx\/index.php?rest_route=\/wp\/v2\/posts\/42232","targetHints":{"allow":["GET"]}}],"collection":[{"href":"https:\/\/encuentroinformativo.com.mx\/index.php?rest_route=\/wp\/v2\/posts"}],"about":[{"href":"https:\/\/encuentroinformativo.com.mx\/index.php?rest_route=\/wp\/v2\/types\/post"}],"author":[{"embeddable":true,"href":"https:\/\/encuentroinformativo.com.mx\/index.php?rest_route=\/wp\/v2\/users\/2476"}],"replies":[{"embeddable":true,"href":"https:\/\/encuentroinformativo.com.mx\/index.php?rest_route=%2Fwp%2Fv2%2Fcomments&post=42232"}],"version-history":[{"count":1,"href":"https:\/\/encuentroinformativo.com.mx\/index.php?rest_route=\/wp\/v2\/posts\/42232\/revisions"}],"predecessor-version":[{"id":42234,"href":"https:\/\/encuentroinformativo.com.mx\/index.php?rest_route=\/wp\/v2\/posts\/42232\/revisions\/42234"}],"wp:featuredmedia":[{"embeddable":true,"href":"https:\/\/encuentroinformativo.com.mx\/index.php?rest_route=\/wp\/v2\/media\/42233"}],"wp:attachment":[{"href":"https:\/\/encuentroinformativo.com.mx\/index.php?rest_route=%2Fwp%2Fv2%2Fmedia&parent=42232"}],"wp:term":[{"taxonomy":"category","embeddable":true,"href":"https:\/\/encuentroinformativo.com.mx\/index.php?rest_route=%2Fwp%2Fv2%2Fcategories&post=42232"},{"taxonomy":"post_tag","embeddable":true,"href":"https:\/\/encuentroinformativo.com.mx\/index.php?rest_route=%2Fwp%2Fv2%2Ftags&post=42232"}],"curies":[{"name":"wp","href":"https:\/\/api.w.org\/{rel}","templated":true}]}}