{"id":42244,"date":"2023-06-26T09:37:29","date_gmt":"2023-06-26T15:37:29","guid":{"rendered":"https:\/\/encuentroinformativo.com.mx\/?p=42244"},"modified":"2023-06-26T09:38:46","modified_gmt":"2023-06-26T15:38:46","slug":"recorren-autoridades-modulo-de-ssp-en-tamarindo","status":"publish","type":"post","link":"https:\/\/encuentroinformativo.com.mx\/?p=42244","title":{"rendered":"Recorren autoridades m\u00f3dulo de SSP en Tamarindo"},"content":{"rendered":"\n<p>Puente Nacional, Ver.- La ma\u00f1ana de este lunes se realiz\u00f3 izamiento de bandera en el m\u00f3dulo de seguridad de la Secretar\u00eda de Seguridad P\u00fablica (SSP) ubicado en la localidad de Tamarindo.<\/p>\n\n\n\n<p>All\u00ed Cuauht\u00e9moc Zu\u00f1iga Bonilla titular de la SSP realiz\u00f3 un recorrido acompa\u00f1ado de Eric Cisneros titular de la Secretar\u00eda de Gobierno.<\/p>\n\n\n\n<p>Se trata de instalaciones dignas para este m\u00f3dulo, que cuenta con arco para revisi\u00f3n de autom\u00f3viles particulares y de carga.<\/p>\n\n\n\n<p>Adem\u00e1s de espacios dignos para los elementos, y con el cual se busca reforzar la seguridad en la zona.<\/p>\n\n\n\n<figure class=\"wp-block-image size-large\"><img loading=\"lazy\" decoding=\"async\" width=\"1024\" height=\"478\" src=\"https:\/\/encuentroinformativo.com.mx\/wp-content\/uploads\/2023\/06\/IMG-20230626-WA0007-1024x478.jpg\" alt=\"\" class=\"wp-image-42246\" srcset=\"https:\/\/encuentroinformativo.com.mx\/wp-content\/uploads\/2023\/06\/IMG-20230626-WA0007-1024x478.jpg 1024w, https:\/\/encuentroinformativo.com.mx\/wp-content\/uploads\/2023\/06\/IMG-20230626-WA0007-300x140.jpg 300w, https:\/\/encuentroinformativo.com.mx\/wp-content\/uploads\/2023\/06\/IMG-20230626-WA0007-768x358.jpg 768w, https:\/\/encuentroinformativo.com.mx\/wp-content\/uploads\/2023\/06\/IMG-20230626-WA0007.jpg 1280w\" sizes=\"auto, (max-width: 1024px) 100vw, 1024px\" \/><\/figure>\n\n\n\n<figure class=\"wp-block-image size-large\"><img loading=\"lazy\" decoding=\"async\" width=\"1024\" height=\"478\" src=\"https:\/\/encuentroinformativo.com.mx\/wp-content\/uploads\/2023\/06\/IMG-20230626-WA0004-1024x478.jpg\" alt=\"\" class=\"wp-image-42248\" srcset=\"https:\/\/encuentroinformativo.com.mx\/wp-content\/uploads\/2023\/06\/IMG-20230626-WA0004-1024x478.jpg 1024w, https:\/\/encuentroinformativo.com.mx\/wp-content\/uploads\/2023\/06\/IMG-20230626-WA0004-300x140.jpg 300w, https:\/\/encuentroinformativo.com.mx\/wp-content\/uploads\/2023\/06\/IMG-20230626-WA0004-768x358.jpg 768w, https:\/\/encuentroinformativo.com.mx\/wp-content\/uploads\/2023\/06\/IMG-20230626-WA0004.jpg 1280w\" sizes=\"auto, (max-width: 1024px) 100vw, 1024px\" \/><\/figure>\n","protected":false},"excerpt":{"rendered":"<p>Puente Nacional, Ver.- La ma\u00f1ana de este lunes se realiz\u00f3 izamiento de bandera en el m\u00f3dulo de seguridad de la Secretar\u00eda de Seguridad P\u00fablica (SSP) ubicado en la localidad de Tamarindo. All\u00ed Cuauht\u00e9moc Zu\u00f1iga Bonilla titular de la SSP realiz\u00f3 un recorrido acompa\u00f1ado de Eric Cisneros titular de la Secretar\u00eda de Gobierno. Se trata de [&hellip;]<\/p>\n","protected":false},"author":2476,"featured_media":42245,"comment_status":"open","ping_status":"open","sticky":false,"template":"","format":"standard","meta":{"_jetpack_memberships_contains_paid_content":false,"footnotes":""},"categories":[8],"tags":[],"class_list":["post-42244","post","type-post","status-publish","format-standard","has-post-thumbnail","hentry","category-region"],"jetpack_featured_media_url":"https:\/\/encuentroinformativo.com.mx\/wp-content\/uploads\/2023\/06\/IMG-20230626-WA0010.jpg","jetpack_sharing_enabled":true,"jetpack_likes_enabled":true,"amp_enabled":true,"_links":{"self":[{"href":"https:\/\/encuentroinformativo.com.mx\/index.php?rest_route=\/wp\/v2\/posts\/42244","targetHints":{"allow":["GET"]}}],"collection":[{"href":"https:\/\/encuentroinformativo.com.mx\/index.php?rest_route=\/wp\/v2\/posts"}],"about":[{"href":"https:\/\/encuentroinformativo.com.mx\/index.php?rest_route=\/wp\/v2\/types\/post"}],"author":[{"embeddable":true,"href":"https:\/\/encuentroinformativo.com.mx\/index.php?rest_route=\/wp\/v2\/users\/2476"}],"replies":[{"embeddable":true,"href":"https:\/\/encuentroinformativo.com.mx\/index.php?rest_route=%2Fwp%2Fv2%2Fcomments&post=42244"}],"version-history":[{"count":2,"href":"https:\/\/encuentroinformativo.com.mx\/index.php?rest_route=\/wp\/v2\/posts\/42244\/revisions"}],"predecessor-version":[{"id":42249,"href":"https:\/\/encuentroinformativo.com.mx\/index.php?rest_route=\/wp\/v2\/posts\/42244\/revisions\/42249"}],"wp:featuredmedia":[{"embeddable":true,"href":"https:\/\/encuentroinformativo.com.mx\/index.php?rest_route=\/wp\/v2\/media\/42245"}],"wp:attachment":[{"href":"https:\/\/encuentroinformativo.com.mx\/index.php?rest_route=%2Fwp%2Fv2%2Fmedia&parent=42244"}],"wp:term":[{"taxonomy":"category","embeddable":true,"href":"https:\/\/encuentroinformativo.com.mx\/index.php?rest_route=%2Fwp%2Fv2%2Fcategories&post=42244"},{"taxonomy":"post_tag","embeddable":true,"href":"https:\/\/encuentroinformativo.com.mx\/index.php?rest_route=%2Fwp%2Fv2%2Ftags&post=42244"}],"curies":[{"name":"wp","href":"https:\/\/api.w.org\/{rel}","templated":true}]}}