{"id":42250,"date":"2023-06-26T10:13:57","date_gmt":"2023-06-26T16:13:57","guid":{"rendered":"https:\/\/encuentroinformativo.com.mx\/?p=42250"},"modified":"2023-06-26T10:14:01","modified_gmt":"2023-06-26T16:14:01","slug":"transportistas-de-amotac-protestan-en-el-bulevard-xalapa-banderilla","status":"publish","type":"post","link":"https:\/\/encuentroinformativo.com.mx\/?p=42250","title":{"rendered":"Transportistas de AMOTAC protestan en el bulevard Xalapa &#8211; Banderilla"},"content":{"rendered":"\n<p><strong>Dar\u00edo Pale <\/strong><\/p>\n\n\n\n<p>Xalapa, Ver.- Protestan integrantes de la Alianza Mexicana de Organizaci\u00f3n de Transportistas A.C. (AMOTAC), ahora contra Guardia Nacional, afirman que es peor que la desaparecida Polic\u00eda Federal, por lo cual se manifestaron en el bulevar Xalapa-Banderilla.<\/p>\n\n\n\n<p>Entrevistado durante la manifestaci\u00f3n y sin dar mayores detalles de lo que les ha sucedido o los motivos de la protesta, hasta que el delegado de la AMOTAC, Juan Ciro Dur\u00e1n Mendoza, se los indique; uno de los integrantes manifest\u00f3 que es por la corrupci\u00f3n que priva en dicho cuerpo policiaco federal.<\/p>\n\n\n\n<p>&#8220;Es sobre la Guardia Nacional, por la corrupci\u00f3n que tienen, sinceramente est\u00e1n peor que lo que era la Polic\u00eda Federal&#8221;, se\u00f1al\u00f3.<\/p>\n\n\n\n<p>Desde temprana hora decenas de taxistas y de camiones de carga se colocaron en &#8220;bater\u00eda&#8221; sobre el bulevar como usualmente lo hacen para permitir la circulaci\u00f3n sobre dicha avenida.<\/p>\n\n\n\n<p>Por los actos de corrupci\u00f3n, los inconformes solicitaron la &#8220;destituci\u00f3n&#8221; de la fuerza del orden federal, ya que seg\u00fan argumentan qu\u00e9 por una cantidad de dinero dej\u00f3 libre a un ciudadano que conduc\u00eda una unidad particular, donde particip\u00f3 en un accidente contra un taxi.<\/p>\n\n\n\n<p>De la misma manera, el conductor del taxi se encuentra con lesiones que, lo tienen ahorita entre, la vida y la muerte.<\/p>\n\n\n\n<p>Hasta el momento inform\u00f3 que son 90 personas y un contingente de 80 transportistas aproximadamente 6 de transporte pesado y 74 taxis.<\/p>\n\n\n\n<p>Por \u00faltimo dijo que espera instrucciones para ver que actividad se desarrollar\u00e1 ante estos actos de corrupci\u00f3n de la guardia Nacional.<\/p>\n\n\n\n<figure class=\"wp-block-image size-large\"><img loading=\"lazy\" decoding=\"async\" width=\"892\" height=\"1024\" src=\"https:\/\/encuentroinformativo.com.mx\/wp-content\/uploads\/2023\/06\/IMG-20230626-WA00282-892x1024.jpg\" alt=\"\" class=\"wp-image-42252\" srcset=\"https:\/\/encuentroinformativo.com.mx\/wp-content\/uploads\/2023\/06\/IMG-20230626-WA00282-892x1024.jpg 892w, https:\/\/encuentroinformativo.com.mx\/wp-content\/uploads\/2023\/06\/IMG-20230626-WA00282-261x300.jpg 261w, https:\/\/encuentroinformativo.com.mx\/wp-content\/uploads\/2023\/06\/IMG-20230626-WA00282-768x881.jpg 768w, https:\/\/encuentroinformativo.com.mx\/wp-content\/uploads\/2023\/06\/IMG-20230626-WA00282.jpg 1200w\" sizes=\"auto, (max-width: 892px) 100vw, 892px\" \/><\/figure>\n\n\n\n<figure class=\"wp-block-image size-large\"><img loading=\"lazy\" decoding=\"async\" width=\"1024\" height=\"768\" src=\"https:\/\/encuentroinformativo.com.mx\/wp-content\/uploads\/2023\/06\/IMG-20230626-WA0029-1024x768.jpg\" alt=\"\" class=\"wp-image-42253\" srcset=\"https:\/\/encuentroinformativo.com.mx\/wp-content\/uploads\/2023\/06\/IMG-20230626-WA0029-1024x768.jpg 1024w, https:\/\/encuentroinformativo.com.mx\/wp-content\/uploads\/2023\/06\/IMG-20230626-WA0029-300x225.jpg 300w, https:\/\/encuentroinformativo.com.mx\/wp-content\/uploads\/2023\/06\/IMG-20230626-WA0029-768x576.jpg 768w, https:\/\/encuentroinformativo.com.mx\/wp-content\/uploads\/2023\/06\/IMG-20230626-WA0029-1536x1152.jpg 1536w, https:\/\/encuentroinformativo.com.mx\/wp-content\/uploads\/2023\/06\/IMG-20230626-WA0029.jpg 1600w\" sizes=\"auto, (max-width: 1024px) 100vw, 1024px\" \/><\/figure>\n","protected":false},"excerpt":{"rendered":"<p>Dar\u00edo Pale Xalapa, Ver.- Protestan integrantes de la Alianza Mexicana de Organizaci\u00f3n de Transportistas A.C. (AMOTAC), ahora contra Guardia Nacional, afirman que es peor que la desaparecida Polic\u00eda Federal, por lo cual se manifestaron en el bulevar Xalapa-Banderilla. Entrevistado durante la manifestaci\u00f3n y sin dar mayores detalles de lo que les ha sucedido o los [&hellip;]<\/p>\n","protected":false},"author":2476,"featured_media":42251,"comment_status":"open","ping_status":"open","sticky":false,"template":"","format":"standard","meta":{"_jetpack_memberships_contains_paid_content":false,"footnotes":""},"categories":[2],"tags":[],"class_list":["post-42250","post","type-post","status-publish","format-standard","has-post-thumbnail","hentry","category-estado"],"jetpack_featured_media_url":"https:\/\/encuentroinformativo.com.mx\/wp-content\/uploads\/2023\/06\/IMG-20230626-WA0031.jpg","jetpack_sharing_enabled":true,"jetpack_likes_enabled":true,"amp_enabled":true,"_links":{"self":[{"href":"https:\/\/encuentroinformativo.com.mx\/index.php?rest_route=\/wp\/v2\/posts\/42250","targetHints":{"allow":["GET"]}}],"collection":[{"href":"https:\/\/encuentroinformativo.com.mx\/index.php?rest_route=\/wp\/v2\/posts"}],"about":[{"href":"https:\/\/encuentroinformativo.com.mx\/index.php?rest_route=\/wp\/v2\/types\/post"}],"author":[{"embeddable":true,"href":"https:\/\/encuentroinformativo.com.mx\/index.php?rest_route=\/wp\/v2\/users\/2476"}],"replies":[{"embeddable":true,"href":"https:\/\/encuentroinformativo.com.mx\/index.php?rest_route=%2Fwp%2Fv2%2Fcomments&post=42250"}],"version-history":[{"count":1,"href":"https:\/\/encuentroinformativo.com.mx\/index.php?rest_route=\/wp\/v2\/posts\/42250\/revisions"}],"predecessor-version":[{"id":42254,"href":"https:\/\/encuentroinformativo.com.mx\/index.php?rest_route=\/wp\/v2\/posts\/42250\/revisions\/42254"}],"wp:featuredmedia":[{"embeddable":true,"href":"https:\/\/encuentroinformativo.com.mx\/index.php?rest_route=\/wp\/v2\/media\/42251"}],"wp:attachment":[{"href":"https:\/\/encuentroinformativo.com.mx\/index.php?rest_route=%2Fwp%2Fv2%2Fmedia&parent=42250"}],"wp:term":[{"taxonomy":"category","embeddable":true,"href":"https:\/\/encuentroinformativo.com.mx\/index.php?rest_route=%2Fwp%2Fv2%2Fcategories&post=42250"},{"taxonomy":"post_tag","embeddable":true,"href":"https:\/\/encuentroinformativo.com.mx\/index.php?rest_route=%2Fwp%2Fv2%2Ftags&post=42250"}],"curies":[{"name":"wp","href":"https:\/\/api.w.org\/{rel}","templated":true}]}}