{"id":42255,"date":"2023-06-26T10:51:07","date_gmt":"2023-06-26T16:51:07","guid":{"rendered":"https:\/\/encuentroinformativo.com.mx\/?p=42255"},"modified":"2023-06-26T10:51:10","modified_gmt":"2023-06-26T16:51:10","slug":"iniciara-bienestar-incorporacion-de-personas-con-discapacidad","status":"publish","type":"post","link":"https:\/\/encuentroinformativo.com.mx\/?p=42255","title":{"rendered":"Iniciar\u00e1 Bienestar incorporaci\u00f3n de personas con discapacidad"},"content":{"rendered":"\n<p><strong>Dar\u00edo Pale<\/strong><\/p>\n\n\n\n<p>Xalapa, Ver.-  El delegado de los programas federales del Bienestar Manuel Huerta Ladron de Guevara se\u00f1al\u00f3 que obligar a acudir a concentraciones se paga con c\u00e1rcel, ya que es un delito; adem\u00e1s de que m\u00e1s de 65 mil mayores de 18 a\u00f1os y menores de 65 ya pueden pedir pensi\u00f3n por discapacidad.<\/p>\n\n\n\n<p>En conferencia de prensa inform\u00f3 que ante la pr\u00f3xima concentraci\u00f3n en el Z\u00f3calo de la Ciudad de M\u00e9xico para celebrar el quinto aniversario del triunfo de Andr\u00e9s Manuel L\u00f3pez Obrador, record\u00f3 que no se puede obligar a nadie, porque ser\u00eda constitutivo de delito.<\/p>\n\n\n\n<p>&#8220;Yo creo que nadie puede ser obligado a nada, quien est\u00e9 en esta circunstancia mi \u00fanica recomendaci\u00f3n ser\u00eda que denunciara, hay organismos internos de control, hay autoridades&#8221;, se\u00f1al\u00f3.<\/p>\n\n\n\n<p>&#8220;Inclusive es un delito grave, podr\u00eda ser sanci\u00f3n de c\u00e1rcel a quien obligara a alguien a hacer este tipo de cosas&#8221;, agreg\u00f3.<\/p>\n\n\n\n<p>El Delegado dijo que no le consta que se est\u00e9 obligando a los trabajadores del Estado y de la Federaci\u00f3n a acudir a este tipo de concentraciones que se han hecho en otras ocasiones, por ello, llam\u00f3 a la gente a presentar las denuncias correspondientes si es que son obligados.<\/p>\n\n\n\n<p>Pidi\u00f3 que sean valientes y estoicos para presentar las denuncias porque no les va a pasar nada, no perder\u00e1n su trabajo y si alguien lo pareciera al final el que perder\u00e1 su empleo es aquel que oblig\u00f3 a acudir a una concentraci\u00f3n del Morena.<\/p>\n\n\n\n<p><strong>Incorporan a personas con discapacidad <\/strong><\/p>\n\n\n\n<p>En otro orden de ideas informo que, en Veracruz existen 468 mil 990 personas con alg\u00fan tipo de discapacidad con base en las cifras del INEGI, de esos 65 mil 579 ciudadanos, podr\u00e1n solicitar su incorporaci\u00f3n para recibir una pensi\u00f3n.<\/p>\n\n\n\n<p>Todos aquellos ciudadanos mayores de 18 a\u00f1os \u00a0y menores de 65 podr\u00e1n recibir una pensi\u00f3n que ser\u00e1 de 2 mil 900 pesos.<\/p>\n\n\n\n<p>Dio a conocer que de los 468 mil 990 veracruzanos con alg\u00fan tipo de discapacidad en el Estado, 259 mil 251, son menores de 64 a\u00f1os, de las cuales, actualmente la delegaci\u00f3n del Bienestar ya atiende a cerca de cien mil.<\/p>\n\n\n\n<p>&#8220;Nuestro universo, en este mes, en Veracruz, ser\u00edan 163 mil 947 personas las que tendr\u00edamos que estar recibiendo para incorporarlas. Quiere decir que los c\u00e1lculos nacionales que tenemos, nuestro universo a atender, por las caracter\u00edsticas nacionales, es estrictamente el 40 por ciento&#8221;, coment\u00f3.<\/p>\n\n\n\n<p>Es decir, 65 mil 579 ciudadanos menores de 65 a\u00f1os que tienen alguna dispacidad llegar\u00edan a la delegaci\u00f3n a solicitar su incorporaci\u00f3n, aunque, aclar\u00f3, la gran mayor\u00eda de esos m\u00e1s de 65 mil son mayores de 18 a\u00f1os.<\/p>\n\n\n\n<p>Record\u00f3 que el gobierno de M\u00e9xico pondr\u00e1 cerca de mil 500 millones de pesos, mientras que Veracruz pondr\u00e1 580 mil millones de pesos para las nuevas incorporaciones.<\/p>\n\n\n\n<p>Los requisitos para poder recibir la pensi\u00f3n son: INE, CURP, comprobante de domicilio, acta de nacimiento, n\u00famero telef\u00f3nico y una constancia de discapacidad cuando la dispacidad no es visible.<\/p>\n\n\n\n<p>Por \u00faltimo coment\u00f3 que dicha constancia la debe emitir autoridad m\u00e9dica del sector salud p\u00fablico como los centros de Salud del Estado, as\u00ed como del IMSS, del ISSSTE.<\/p>\n","protected":false},"excerpt":{"rendered":"<p>Dar\u00edo Pale Xalapa, Ver.- El delegado de los programas federales del Bienestar Manuel Huerta Ladron de Guevara se\u00f1al\u00f3 que obligar a acudir a concentraciones se paga con c\u00e1rcel, ya que es un delito; adem\u00e1s de que m\u00e1s de 65 mil mayores de 18 a\u00f1os y menores de 65 ya pueden pedir pensi\u00f3n por discapacidad. En [&hellip;]<\/p>\n","protected":false},"author":2476,"featured_media":42256,"comment_status":"open","ping_status":"open","sticky":false,"template":"","format":"standard","meta":{"_jetpack_memberships_contains_paid_content":false,"footnotes":""},"categories":[2],"tags":[],"class_list":["post-42255","post","type-post","status-publish","format-standard","has-post-thumbnail","hentry","category-estado"],"jetpack_featured_media_url":"https:\/\/encuentroinformativo.com.mx\/wp-content\/uploads\/2023\/06\/IMG-20230626-WA0035.jpg","jetpack_sharing_enabled":true,"jetpack_likes_enabled":true,"amp_enabled":true,"_links":{"self":[{"href":"https:\/\/encuentroinformativo.com.mx\/index.php?rest_route=\/wp\/v2\/posts\/42255","targetHints":{"allow":["GET"]}}],"collection":[{"href":"https:\/\/encuentroinformativo.com.mx\/index.php?rest_route=\/wp\/v2\/posts"}],"about":[{"href":"https:\/\/encuentroinformativo.com.mx\/index.php?rest_route=\/wp\/v2\/types\/post"}],"author":[{"embeddable":true,"href":"https:\/\/encuentroinformativo.com.mx\/index.php?rest_route=\/wp\/v2\/users\/2476"}],"replies":[{"embeddable":true,"href":"https:\/\/encuentroinformativo.com.mx\/index.php?rest_route=%2Fwp%2Fv2%2Fcomments&post=42255"}],"version-history":[{"count":1,"href":"https:\/\/encuentroinformativo.com.mx\/index.php?rest_route=\/wp\/v2\/posts\/42255\/revisions"}],"predecessor-version":[{"id":42257,"href":"https:\/\/encuentroinformativo.com.mx\/index.php?rest_route=\/wp\/v2\/posts\/42255\/revisions\/42257"}],"wp:featuredmedia":[{"embeddable":true,"href":"https:\/\/encuentroinformativo.com.mx\/index.php?rest_route=\/wp\/v2\/media\/42256"}],"wp:attachment":[{"href":"https:\/\/encuentroinformativo.com.mx\/index.php?rest_route=%2Fwp%2Fv2%2Fmedia&parent=42255"}],"wp:term":[{"taxonomy":"category","embeddable":true,"href":"https:\/\/encuentroinformativo.com.mx\/index.php?rest_route=%2Fwp%2Fv2%2Fcategories&post=42255"},{"taxonomy":"post_tag","embeddable":true,"href":"https:\/\/encuentroinformativo.com.mx\/index.php?rest_route=%2Fwp%2Fv2%2Ftags&post=42255"}],"curies":[{"name":"wp","href":"https:\/\/api.w.org\/{rel}","templated":true}]}}