{"id":42263,"date":"2023-06-26T12:58:35","date_gmt":"2023-06-26T18:58:35","guid":{"rendered":"https:\/\/encuentroinformativo.com.mx\/?p=42263"},"modified":"2023-06-26T12:58:39","modified_gmt":"2023-06-26T18:58:39","slug":"protestan-en-normal-manuel-suarez-acusan-anomalias-en-cambio-de-direccion","status":"publish","type":"post","link":"https:\/\/encuentroinformativo.com.mx\/?p=42263","title":{"rendered":"Protestan en Normal &#8216;Manuel Su\u00e1rez&#8217; acusan anomal\u00edas en cambio de direcci\u00f3n"},"content":{"rendered":"\n<p><strong>Juan Arcos <\/strong><\/p>\n\n\n\n<p>Xalapa, Ver.- Docentes y estudiantes protestaron y tomaron la Escuela Normal Superior Veracruzana (ENSV) \u201cDoctor Manuel Su\u00e1rez Trujillo\u201d, en esta ciudad de Xalapa, para denunciar que se han violentado los lineamientos en el proceso para la elecci\u00f3n del nuevo director del plantel.<\/p>\n\n\n\n<p>Los inconformes exigieron la inmediata instalaci\u00f3n de la Junta Acad\u00e9mica, que es la instancia de la escuela normal para presentar los proyectos de quienes aspiran a ser director.<\/p>\n\n\n\n<p>De acuerdo con \u00d3scar Fernando L\u00f3pez Meraz, quien es acad\u00e9mico en dicha escuela desde hace 18 a\u00f1os, en la convocatoria participaron tres compa\u00f1eros y no ha quedado claro por qu\u00e9 a uno de ellos se le excluye de dicho proceso.<\/p>\n\n\n\n<p>El entrevistado detall\u00f3 que uno de los aspirantes, Jos\u00e9 Agust\u00edn D\u00edaz Romero, no cubre el perfil que la convocatoria exige y contin\u00faa vigente en el proceso selectivo.<\/p>\n\n\n\n<p>Se trata del actual Subdirector de la Escuela Normal Superior Veracruzana, quien es responsable del manejo de los recursos p\u00fablicos pero no ha garantizado la transparencia de los mismos.<\/p>\n\n\n\n<p>\u201cLa gran mayor\u00eda de los docentes que conformamos esta escuela no sabemos el manejo de estos recursos, entonces no queremos que si fuera elegido como director siga la poca transparencia en este tema\u201d.<\/p>\n\n\n\n<p>L\u00f3pez Meraz indic\u00f3 que tampoco existe un proyecto acad\u00e9mico en el plantel y los alumnos est\u00e1n inconformes porque las instalaciones se encuentran en malas condiciones.<\/p>\n\n\n\n<p>Desde hace cuatro a\u00f1os, las aulas y otros espacios no han recibido mantenimiento. Incluso, hay un sal\u00f3n que tiene gotera desde hace m\u00e1s de un a\u00f1o y adem\u00e1s carecen de ventiladores.<\/p>\n\n\n\n<p>Adem\u00e1s, la escuela carece de equipo, como proyectores, ca\u00f1ones y otros materiales que son indispensables para las actividades acad\u00e9micas.<\/p>\n\n\n\n<figure class=\"wp-block-image size-large\"><img loading=\"lazy\" decoding=\"async\" width=\"1024\" height=\"768\" src=\"https:\/\/encuentroinformativo.com.mx\/wp-content\/uploads\/2023\/06\/IMG_6960-1024x768.jpg\" alt=\"\" class=\"wp-image-42265\" srcset=\"https:\/\/encuentroinformativo.com.mx\/wp-content\/uploads\/2023\/06\/IMG_6960-1024x768.jpg 1024w, https:\/\/encuentroinformativo.com.mx\/wp-content\/uploads\/2023\/06\/IMG_6960-300x225.jpg 300w, https:\/\/encuentroinformativo.com.mx\/wp-content\/uploads\/2023\/06\/IMG_6960-768x576.jpg 768w, https:\/\/encuentroinformativo.com.mx\/wp-content\/uploads\/2023\/06\/IMG_6960-1536x1152.jpg 1536w, https:\/\/encuentroinformativo.com.mx\/wp-content\/uploads\/2023\/06\/IMG_6960.jpg 2016w\" sizes=\"auto, (max-width: 1024px) 100vw, 1024px\" \/><\/figure>\n","protected":false},"excerpt":{"rendered":"<p>Juan Arcos Xalapa, Ver.- Docentes y estudiantes protestaron y tomaron la Escuela Normal Superior Veracruzana (ENSV) \u201cDoctor Manuel Su\u00e1rez Trujillo\u201d, en esta ciudad de Xalapa, para denunciar que se han violentado los lineamientos en el proceso para la elecci\u00f3n del nuevo director del plantel. Los inconformes exigieron la inmediata instalaci\u00f3n de la Junta Acad\u00e9mica, que [&hellip;]<\/p>\n","protected":false},"author":2476,"featured_media":42264,"comment_status":"open","ping_status":"open","sticky":false,"template":"","format":"standard","meta":{"_jetpack_memberships_contains_paid_content":false,"footnotes":""},"categories":[3],"tags":[],"class_list":["post-42263","post","type-post","status-publish","format-standard","has-post-thumbnail","hentry","category-xalapa"],"jetpack_featured_media_url":"https:\/\/encuentroinformativo.com.mx\/wp-content\/uploads\/2023\/06\/IMG_6932.jpg","jetpack_sharing_enabled":true,"jetpack_likes_enabled":true,"amp_enabled":true,"_links":{"self":[{"href":"https:\/\/encuentroinformativo.com.mx\/index.php?rest_route=\/wp\/v2\/posts\/42263","targetHints":{"allow":["GET"]}}],"collection":[{"href":"https:\/\/encuentroinformativo.com.mx\/index.php?rest_route=\/wp\/v2\/posts"}],"about":[{"href":"https:\/\/encuentroinformativo.com.mx\/index.php?rest_route=\/wp\/v2\/types\/post"}],"author":[{"embeddable":true,"href":"https:\/\/encuentroinformativo.com.mx\/index.php?rest_route=\/wp\/v2\/users\/2476"}],"replies":[{"embeddable":true,"href":"https:\/\/encuentroinformativo.com.mx\/index.php?rest_route=%2Fwp%2Fv2%2Fcomments&post=42263"}],"version-history":[{"count":1,"href":"https:\/\/encuentroinformativo.com.mx\/index.php?rest_route=\/wp\/v2\/posts\/42263\/revisions"}],"predecessor-version":[{"id":42266,"href":"https:\/\/encuentroinformativo.com.mx\/index.php?rest_route=\/wp\/v2\/posts\/42263\/revisions\/42266"}],"wp:featuredmedia":[{"embeddable":true,"href":"https:\/\/encuentroinformativo.com.mx\/index.php?rest_route=\/wp\/v2\/media\/42264"}],"wp:attachment":[{"href":"https:\/\/encuentroinformativo.com.mx\/index.php?rest_route=%2Fwp%2Fv2%2Fmedia&parent=42263"}],"wp:term":[{"taxonomy":"category","embeddable":true,"href":"https:\/\/encuentroinformativo.com.mx\/index.php?rest_route=%2Fwp%2Fv2%2Fcategories&post=42263"},{"taxonomy":"post_tag","embeddable":true,"href":"https:\/\/encuentroinformativo.com.mx\/index.php?rest_route=%2Fwp%2Fv2%2Ftags&post=42263"}],"curies":[{"name":"wp","href":"https:\/\/api.w.org\/{rel}","templated":true}]}}