{"id":42267,"date":"2023-06-26T13:01:08","date_gmt":"2023-06-26T19:01:08","guid":{"rendered":"https:\/\/encuentroinformativo.com.mx\/?p=42267"},"modified":"2023-06-26T13:01:11","modified_gmt":"2023-06-26T19:01:11","slug":"roban-y-vandalizan-por-tercera-ocasion-kinder-de-veracruz","status":"publish","type":"post","link":"https:\/\/encuentroinformativo.com.mx\/?p=42267","title":{"rendered":"Roban y vandalizan por tercera ocasi\u00f3n kinder de Veracruz"},"content":{"rendered":"\n<p><strong>Alejandro \u00c1vila<\/strong><\/p>\n\n\n\n<p>Veracruz, Ver.- El jard\u00edn de ni\u00f1os &#8220;Carolina Escalante Vera&#8221; ubicado en la zona centro del municipio de Veracruz, fue robado y vandalizado por tercera ocasi\u00f3n es lo que va del a\u00f1o.<\/p>\n\n\n\n<p>Los hechos habr\u00edan ocurrido presuntamente la madrugada de este lunes, pues a primera hora cuando lleg\u00f3 el personal administrativo para a recibir a los peque\u00f1os, se encontraron con las puertas violentadas y material did\u00e1ctico robado.<\/p>\n\n\n\n<p>&#8220;Nos rompieron mobiliarios, puertas, materiales para los ni\u00f1os. Es una tristeza que no haya polic\u00edas es la tercera vez que nos hacen esto, nos rompe mobiliario, puertas, estructura del jard\u00edn de ni\u00f1os, m\u00e1s o menos dos a\u00f1os son entre 70 y 80 mil pesos&#8221;, mencion\u00f3 Pilar Ramos, docente del plantel educativo.<\/p>\n\n\n\n<p>El jard\u00edn de ni\u00f1os antes conocido como n\u00famero uno, est\u00e1 ubicado en la calle V\u00edctimas del 25 de Junio esquina Valent\u00edn G\u00f3mez Far\u00edas en el primer cuadro de la ciudad de Veracruz.<\/p>\n\n\n\n<p>Ante esta situaci\u00f3n, el personal administrativo y los padres de familia, solicitan el apoyo de la Secretar\u00eda de Seguridad P\u00fablica y la Secretar\u00eda de Educaci\u00f3n de Veracruz.<\/p>\n","protected":false},"excerpt":{"rendered":"<p>Alejandro \u00c1vila Veracruz, Ver.- El jard\u00edn de ni\u00f1os &#8220;Carolina Escalante Vera&#8221; ubicado en la zona centro del municipio de Veracruz, fue robado y vandalizado por tercera ocasi\u00f3n es lo que va del a\u00f1o. Los hechos habr\u00edan ocurrido presuntamente la madrugada de este lunes, pues a primera hora cuando lleg\u00f3 el personal administrativo para a recibir [&hellip;]<\/p>\n","protected":false},"author":2476,"featured_media":42268,"comment_status":"open","ping_status":"open","sticky":false,"template":"","format":"standard","meta":{"_jetpack_memberships_contains_paid_content":false,"footnotes":""},"categories":[2],"tags":[],"class_list":["post-42267","post","type-post","status-publish","format-standard","has-post-thumbnail","hentry","category-estado"],"jetpack_featured_media_url":"https:\/\/encuentroinformativo.com.mx\/wp-content\/uploads\/2023\/06\/IMG-20230626-WA0071.jpg","jetpack_sharing_enabled":true,"jetpack_likes_enabled":true,"amp_enabled":true,"_links":{"self":[{"href":"https:\/\/encuentroinformativo.com.mx\/index.php?rest_route=\/wp\/v2\/posts\/42267","targetHints":{"allow":["GET"]}}],"collection":[{"href":"https:\/\/encuentroinformativo.com.mx\/index.php?rest_route=\/wp\/v2\/posts"}],"about":[{"href":"https:\/\/encuentroinformativo.com.mx\/index.php?rest_route=\/wp\/v2\/types\/post"}],"author":[{"embeddable":true,"href":"https:\/\/encuentroinformativo.com.mx\/index.php?rest_route=\/wp\/v2\/users\/2476"}],"replies":[{"embeddable":true,"href":"https:\/\/encuentroinformativo.com.mx\/index.php?rest_route=%2Fwp%2Fv2%2Fcomments&post=42267"}],"version-history":[{"count":1,"href":"https:\/\/encuentroinformativo.com.mx\/index.php?rest_route=\/wp\/v2\/posts\/42267\/revisions"}],"predecessor-version":[{"id":42269,"href":"https:\/\/encuentroinformativo.com.mx\/index.php?rest_route=\/wp\/v2\/posts\/42267\/revisions\/42269"}],"wp:featuredmedia":[{"embeddable":true,"href":"https:\/\/encuentroinformativo.com.mx\/index.php?rest_route=\/wp\/v2\/media\/42268"}],"wp:attachment":[{"href":"https:\/\/encuentroinformativo.com.mx\/index.php?rest_route=%2Fwp%2Fv2%2Fmedia&parent=42267"}],"wp:term":[{"taxonomy":"category","embeddable":true,"href":"https:\/\/encuentroinformativo.com.mx\/index.php?rest_route=%2Fwp%2Fv2%2Fcategories&post=42267"},{"taxonomy":"post_tag","embeddable":true,"href":"https:\/\/encuentroinformativo.com.mx\/index.php?rest_route=%2Fwp%2Fv2%2Ftags&post=42267"}],"curies":[{"name":"wp","href":"https:\/\/api.w.org\/{rel}","templated":true}]}}