{"id":42270,"date":"2023-06-26T13:13:51","date_gmt":"2023-06-26T19:13:51","guid":{"rendered":"https:\/\/encuentroinformativo.com.mx\/?p=42270"},"modified":"2023-06-26T13:14:22","modified_gmt":"2023-06-26T19:14:22","slug":"estiaje-severo-en-norte-de-veracruz-caev","status":"publish","type":"post","link":"https:\/\/encuentroinformativo.com.mx\/?p=42270","title":{"rendered":"Estiaje severo en norte de Veracruz: CAEV"},"content":{"rendered":"\n<p><strong>Dar\u00edo Pale <\/strong><\/p>\n\n\n\n<p>Xalapa, Ver.- El director general de la Comisi\u00f3n del Agua del Estado de Veracruz (CAEV), F\u00e9lix Jorge Ladr\u00f3n de Guevara Ben\u00edtez, dio a conocer que son los municipios de la zona norte como Naranjos, Poza Rica, Tuxpan y Cerro Azul los que m\u00e1s est\u00e1n afectados por la falta de agua en el estado y los que dependen casi en su totalidad del suministro con camiones cisterna.<\/p>\n\n\n\n<p>Entrevistado posterior al izamiento de la bandera se\u00f1al\u00f3 que si bien en Xalapa, Banderilla y Coatepec han aumentado las manifestaciones por la falta de este servicio, el mayor problema por el estiaje se registra en el el norte del estado.<\/p>\n\n\n\n<p>&#8220;Hay zonas con m\u00e1s carencia en el estado: Naranjos, Cerro Azul, Tuxpan y Poza Rica son lugares que requieren constantemente un abastecimiento a trav\u00e9s de estos camiones cisterna. Hemos tenido tirantes de 30 y 20 cent\u00edmetros en muchos de ellos, por eso nos tenemos que hacer a la idea de ayudar a la poblaci\u00f3n a trav\u00e9s de estos camiones cisternas&#8221;, se\u00f1al\u00f3.<\/p>\n\n\n\n<p>Explic\u00f3 que se requieren millonarios proyectos para resolver la falta de agua en r\u00edos y los problemas derivados del cambio clim\u00e1tico y subray\u00f3 que en la zona norte sobre todo ya no hay de d\u00f3nde sacar agua, por lo que ese depende de los camiones cisternas o pipas durante todo el a\u00f1o, no s\u00f3lo en \u00e9poca de sequ\u00eda.<\/p>\n\n\n\n<p>&#8220;En la zona norte ha sido muy representativo este desabasto. Nos ha pegado much\u00edsimo, hemos tenido m\u00e1s del 60 por ciento. Un caso espec\u00edfico es Naranjos que est\u00e1 condenado a que a\u00f1o con a\u00f1o estemos suministrando mediante camiones cisternas. Hemos hecho estudios geof\u00edsicos y no hay ninguno que nos permita hacer si quiera un poco para dotar a la poblaci\u00f3n. Es lo que nos obliga a abastecer mediante camiones cisterna&#8221;, coment\u00f3.<\/p>\n\n\n\n<p>Dijo que si bien, hay zonas donde existe la infraestructura para echar a andar proyectos h\u00eddricos, las fuentes de abastecimiento, principalmente los r\u00edos se han secado.<br>En este sentido, el director de \u00a0dicha comisi\u00f3n destac\u00f3 que en Tuxpan hay un proyecto desde hace m\u00e1s de cuatro a\u00f1os para mejorar la dotaci\u00f3n de agua, aunque ha requerido mucha inversi\u00f3n.<\/p>\n\n\n\n<p>&#8220;Despu\u00e9s de tantos a\u00f1os de olvido en los sistemas \u00a0h\u00eddricos, hablo nada m\u00e1s de los que dependen de la CAEV, nos han obligado a hacer inversiones muy fuertes que tienen que ver con los cuatro ejes rectores: drenajes, plantas de tratamiento de aguas residuales y plantas potabilizadoras&#8221;, inform\u00f3.<\/p>\n\n\n\n<p>En lo que va de esta administraci\u00f3n estatal la CAEV cuenta con 9 pipas m\u00e1s para dar este servicio, mismas que se distribuyeron en la zona norte, centro y sur y se espera que con obras y proyectos se mejore el abasto durante lo que resta del actual gobierno estatal.<\/p>\n\n\n\n<p>En cuanto a la laguna de El Castillo se\u00f1al\u00f3 que los cambios clim\u00e1ticos han hecho que baje el afluente de sus niveles pero en esta temporada de estiaje se agudiza m\u00e1s la situaci\u00f3n de poder surtir a las ciudades pero es una laguna de donde se puede surtir a gran parte dela ciudad.<\/p>\n\n\n\n<p>Finalmente se\u00f1al\u00f3 que s\u00f3lo surte un porcentaje de la ciudad de Xalapa, y las pipas que cargan agua en esa zona pagan una cuota y los habitantes de esa zona llevan el control y cada pipa tiene un costo.<\/p>\n","protected":false},"excerpt":{"rendered":"<p>Dar\u00edo Pale Xalapa, Ver.- El director general de la Comisi\u00f3n del Agua del Estado de Veracruz (CAEV), F\u00e9lix Jorge Ladr\u00f3n de Guevara Ben\u00edtez, dio a conocer que son los municipios de la zona norte como Naranjos, Poza Rica, Tuxpan y Cerro Azul los que m\u00e1s est\u00e1n afectados por la falta de agua en el estado [&hellip;]<\/p>\n","protected":false},"author":2476,"featured_media":42271,"comment_status":"open","ping_status":"open","sticky":false,"template":"","format":"standard","meta":{"_jetpack_memberships_contains_paid_content":false,"footnotes":""},"categories":[2],"tags":[],"class_list":["post-42270","post","type-post","status-publish","format-standard","has-post-thumbnail","hentry","category-estado"],"jetpack_featured_media_url":"https:\/\/encuentroinformativo.com.mx\/wp-content\/uploads\/2023\/06\/Photo_1687806188017.jpg","jetpack_sharing_enabled":true,"jetpack_likes_enabled":true,"amp_enabled":true,"_links":{"self":[{"href":"https:\/\/encuentroinformativo.com.mx\/index.php?rest_route=\/wp\/v2\/posts\/42270","targetHints":{"allow":["GET"]}}],"collection":[{"href":"https:\/\/encuentroinformativo.com.mx\/index.php?rest_route=\/wp\/v2\/posts"}],"about":[{"href":"https:\/\/encuentroinformativo.com.mx\/index.php?rest_route=\/wp\/v2\/types\/post"}],"author":[{"embeddable":true,"href":"https:\/\/encuentroinformativo.com.mx\/index.php?rest_route=\/wp\/v2\/users\/2476"}],"replies":[{"embeddable":true,"href":"https:\/\/encuentroinformativo.com.mx\/index.php?rest_route=%2Fwp%2Fv2%2Fcomments&post=42270"}],"version-history":[{"count":1,"href":"https:\/\/encuentroinformativo.com.mx\/index.php?rest_route=\/wp\/v2\/posts\/42270\/revisions"}],"predecessor-version":[{"id":42272,"href":"https:\/\/encuentroinformativo.com.mx\/index.php?rest_route=\/wp\/v2\/posts\/42270\/revisions\/42272"}],"wp:featuredmedia":[{"embeddable":true,"href":"https:\/\/encuentroinformativo.com.mx\/index.php?rest_route=\/wp\/v2\/media\/42271"}],"wp:attachment":[{"href":"https:\/\/encuentroinformativo.com.mx\/index.php?rest_route=%2Fwp%2Fv2%2Fmedia&parent=42270"}],"wp:term":[{"taxonomy":"category","embeddable":true,"href":"https:\/\/encuentroinformativo.com.mx\/index.php?rest_route=%2Fwp%2Fv2%2Fcategories&post=42270"},{"taxonomy":"post_tag","embeddable":true,"href":"https:\/\/encuentroinformativo.com.mx\/index.php?rest_route=%2Fwp%2Fv2%2Ftags&post=42270"}],"curies":[{"name":"wp","href":"https:\/\/api.w.org\/{rel}","templated":true}]}}