{"id":42273,"date":"2023-06-26T13:18:40","date_gmt":"2023-06-26T19:18:40","guid":{"rendered":"https:\/\/encuentroinformativo.com.mx\/?p=42273"},"modified":"2023-06-26T13:18:45","modified_gmt":"2023-06-26T19:18:45","slug":"senado-podria-designar-este-jueves-a-nuevo-titular-del-inai-segun-senadora","status":"publish","type":"post","link":"https:\/\/encuentroinformativo.com.mx\/?p=42273","title":{"rendered":"Senado podr\u00eda designar este jueves a nuevo titular del INAI, seg\u00fan Senadora"},"content":{"rendered":"\n<p><strong>Alejandro \u00c1vila<\/strong><\/p>\n\n\n\n<p>Veracruz, Ver.- La Comisi\u00f3n Permanente del Senado de la Rep\u00fablica podr\u00eda solicitar Este martes un periodo extraordinario para que el pr\u00f3ximo jueves 29 de junio, finalmente se elija al nuevo titular del Instituto Nacional de Acceso a la Informaci\u00f3n (INAI), mencion\u00f3 la legisladora veracruzana, Indira Rosales San Rom\u00e1n.<\/p>\n\n\n\n<p>La panista record\u00f3 que las dos ocasiones anteriores el grupo mayoritario en la C\u00e1mara Alta, Morena, se neg\u00f3 a completar las dos terceras partes de la votaci\u00f3n para que elegir a los Comisionados del INAI, motivo por el cual la Suprema Corte de Justicia de la Naci\u00f3n (SCJN) envi\u00f3 un exhorto al senado de la rep\u00fablica para agilizar el nombramiento.<\/p>\n\n\n\n<p>&#8220;Nosotros como Partido Acci\u00f3n Nacional estamos empujando, estaremos dando la batalla para que haya periodo extraordinario, como para que haya ya un acuerdo para designar a este comisionado (\u2026) podemos estar as\u00ed de forma indefinida, no hay un n\u00famero, finalmente el mandato legal nos est\u00e1 diciendo que nos reunimos las dos terceras partes, nos vuelven a llamar para que volvamos a votar, y as\u00ed podr\u00edamos estar de forma indefinida, por eso esperamos que ya haya una votaci\u00f3n si no eso se va a perpetuar&#8221;, subray\u00f3 la legisladora veracruzana.<\/p>\n\n\n\n<p>La Senadora, India Rosales San Rom\u00e1n, dijo que al no nombrar a los Comisionados el Instituto Nacional de Acceso a la Informaci\u00f3n (INAI), este no puede sesionar, por lo cual hay una falta de transparencia sobre los entes gubernamentales.<\/p>\n\n\n\n<p>&#8220;Esto afecta a que cualquier solicitud de transparencia que t\u00fa quieras realizar, pues quede empantanada (\u2026) va m\u00e1s de 100 d\u00edas desde que se vaci\u00f3 la vacante y que no lo hemos podido procesar en el Senado de la Rep\u00fablica, entonces esperamos que ya el jueves quede esta designaci\u00f3n (\u2026) sabemos que de Morena hay una resistencia absoluta, le tienen un p\u00e1nico a la transparencia, lo hemos visto como el presidente de la Rep\u00fablica en repetidas ocasiones ha tratado de ocultar cual es el monto exacto de sus mega proyectos, de cu\u00e1nto se ha gastado de forma extraordinaria en el Tren Maya, en la Refiner\u00eda, en el Aeropuerto, ahora en el Trans\u00edstmico, etc\u00e9tera&#8221;, remat\u00f3.<\/p>\n","protected":false},"excerpt":{"rendered":"<p>Alejandro \u00c1vila Veracruz, Ver.- La Comisi\u00f3n Permanente del Senado de la Rep\u00fablica podr\u00eda solicitar Este martes un periodo extraordinario para que el pr\u00f3ximo jueves 29 de junio, finalmente se elija al nuevo titular del Instituto Nacional de Acceso a la Informaci\u00f3n (INAI), mencion\u00f3 la legisladora veracruzana, Indira Rosales San Rom\u00e1n. La panista record\u00f3 que las [&hellip;]<\/p>\n","protected":false},"author":2476,"featured_media":42274,"comment_status":"open","ping_status":"open","sticky":false,"template":"","format":"standard","meta":{"_jetpack_memberships_contains_paid_content":false,"footnotes":""},"categories":[12],"tags":[],"class_list":["post-42273","post","type-post","status-publish","format-standard","has-post-thumbnail","hentry","category-nacional"],"jetpack_featured_media_url":"https:\/\/encuentroinformativo.com.mx\/wp-content\/uploads\/2023\/06\/IMG-20230626-WA0076.jpg","jetpack_sharing_enabled":true,"jetpack_likes_enabled":true,"amp_enabled":true,"_links":{"self":[{"href":"https:\/\/encuentroinformativo.com.mx\/index.php?rest_route=\/wp\/v2\/posts\/42273","targetHints":{"allow":["GET"]}}],"collection":[{"href":"https:\/\/encuentroinformativo.com.mx\/index.php?rest_route=\/wp\/v2\/posts"}],"about":[{"href":"https:\/\/encuentroinformativo.com.mx\/index.php?rest_route=\/wp\/v2\/types\/post"}],"author":[{"embeddable":true,"href":"https:\/\/encuentroinformativo.com.mx\/index.php?rest_route=\/wp\/v2\/users\/2476"}],"replies":[{"embeddable":true,"href":"https:\/\/encuentroinformativo.com.mx\/index.php?rest_route=%2Fwp%2Fv2%2Fcomments&post=42273"}],"version-history":[{"count":1,"href":"https:\/\/encuentroinformativo.com.mx\/index.php?rest_route=\/wp\/v2\/posts\/42273\/revisions"}],"predecessor-version":[{"id":42275,"href":"https:\/\/encuentroinformativo.com.mx\/index.php?rest_route=\/wp\/v2\/posts\/42273\/revisions\/42275"}],"wp:featuredmedia":[{"embeddable":true,"href":"https:\/\/encuentroinformativo.com.mx\/index.php?rest_route=\/wp\/v2\/media\/42274"}],"wp:attachment":[{"href":"https:\/\/encuentroinformativo.com.mx\/index.php?rest_route=%2Fwp%2Fv2%2Fmedia&parent=42273"}],"wp:term":[{"taxonomy":"category","embeddable":true,"href":"https:\/\/encuentroinformativo.com.mx\/index.php?rest_route=%2Fwp%2Fv2%2Fcategories&post=42273"},{"taxonomy":"post_tag","embeddable":true,"href":"https:\/\/encuentroinformativo.com.mx\/index.php?rest_route=%2Fwp%2Fv2%2Ftags&post=42273"}],"curies":[{"name":"wp","href":"https:\/\/api.w.org\/{rel}","templated":true}]}}