{"id":42289,"date":"2023-06-26T15:57:55","date_gmt":"2023-06-26T21:57:55","guid":{"rendered":"https:\/\/encuentroinformativo.com.mx\/?p=42289"},"modified":"2023-06-26T15:58:00","modified_gmt":"2023-06-26T21:58:00","slug":"desestima-gobernador-acusaciones-de-transportistas-contra-gn","status":"publish","type":"post","link":"https:\/\/encuentroinformativo.com.mx\/?p=42289","title":{"rendered":"Desestima Gobernador acusaciones de transportistas contra GN"},"content":{"rendered":"\n<p><strong>Dar\u00edo Pale <\/strong><\/p>\n\n\n\n<p>Xalapa, Ver.- Minimiza el Gobernador del estado Cuitl\u00e1huac Garc\u00eda Jim\u00e9nez los se\u00f1alamientos de la Alianza Mexicana de Organizaci\u00f3n de Transportistas A.C. (AMOTAC) contra la Guardia Nacional, no hubo extorsi\u00f3n, analizaron v\u00eddeo.<\/p>\n\n\n\n<p>En conferencia de prensa, rechaz\u00f3 que haya alg\u00fan caso de extorsi\u00f3n o extorsiones por parte de la Guardia Nacional en contra de los integrantes de la AMOTAC.<\/p>\n\n\n\n<p>&#8220;Averiguamos y no sucedi\u00f3 como lo narran, no fue as\u00ed, pero lo que s\u00ed tenemos que hacer es estar en comunicaci\u00f3n para que no suceda, es bueno que ellos nos adviertan, que podr\u00edan sufrir ese tipo de acci\u00f3n y que nos lo digan&#8221;, se\u00f1al\u00f3.<\/p>\n\n\n\n<p>Dijo que tras la protesta iniciada este lunes en el bulevar Xalapa-Banderilla, se present\u00f3 un v\u00eddeo que ya fue analizado y no es verdad que fueron objeto de una extorsi\u00f3n.<\/p>\n\n\n\n<p>El Ejecutivo adelant\u00f3 que en unos tres d\u00edas dar\u00e1n a conocer la detenci\u00f3n de una banda delictiva dedicada al asalto al transporte de carga. &#8220;Los agarramos con las manos en la masa y una vez que avance la investigaci\u00f3n lo vamos a dar a conocer&#8221;, coment\u00f3.<\/p>\n\n\n\n<p>En ese sentido, refiri\u00f3 que los operativos en carreteras se tienen que hacer de manera coordinada con elementos de la Guardia Nacional.<\/p>\n\n\n\n<p>Afirm\u00f3 que a todos les conviene que los miembros de la AMOTAC tengan todos sus papeles en regla por si hay alg\u00fan elemento de la Guardia Nacional les quiera pedir una mordida y es que no descart\u00f3 que esto se pueda presentar.<\/p>\n\n\n\n<p>Garc\u00eda Jim\u00e9nez asever\u00f3 que los transportistas tienen que ayudar a los gobiernos para dar con los asaltantes, pero tambi\u00e9n tener sus papeles en orden.<\/p>\n\n\n\n<p>Finalmente se\u00f1al\u00f3 que, &#8220;no hubo, no hubo (extorsi\u00f3n) ya lo analizamos, hay hasta un v\u00eddeo, no fue as\u00ed, pero no lo descartemos, tiene que haber este v\u00ednculo en prevenci\u00f3n, porque pudiera suceder, porque pues ha pasado, pero no es un caso generalizado y no hay complicidad de la autoridad&#8221;.<\/p>\n\n\n\n<p><strong>Detenido<\/strong> <strong>homicida de jubilado UV <\/strong><\/p>\n\n\n\n<p>Ya fue detenido el presunto asesino del t\u00edo del jugador de futbol profesional, Miguel Lay\u00fan, as\u00ed lo dio a conocer el gobernador del estado Cuitl\u00e1huac Garc\u00eda Jim\u00e9nez.<\/p>\n\n\n\n<p>En conferencia de prensa adelant\u00f3 que el caso se trat\u00f3 de un asunto \u201cmeramente personal\u201d, y no corresponde a un asunto de secuestro o asalto.<br>\u201cUna cuesti\u00f3n muy personal que no voy a dilucidar\u201d, se\u00f1al\u00f3.<\/p>\n\n\n\n<p>Reiter\u00f3 que se trata de una sola persona la detenida hasta el momento por el caso, el cual ya se encuentra a disposici\u00f3n de la autoridad responsable, adem\u00e1s descart\u00f3 tambi\u00e9n que se trate de un crimen de odio.<\/p>\n\n\n\n<p>Como se dio a conocer anteriormente, el cuerpo de Francisco Javier Zepeda Albarr\u00e1n, de 67 a\u00f1os, trabajador jubilado de la UV, fue encontrado este fin de semana en una comunidad del municipio de Nogales, al centro del estado, en la zona monta\u00f1osa.<\/p>\n\n\n\n<p>Cabe recordar que, el futbolista profesional originario de C\u00f3rdoba, Miguel Lay\u00fan, comparti\u00f3 en redes sociales que se trataba de un familiar suyo, lo que origin\u00f3 que se viralizara el caso.<\/p>\n","protected":false},"excerpt":{"rendered":"<p>Dar\u00edo Pale Xalapa, Ver.- Minimiza el Gobernador del estado Cuitl\u00e1huac Garc\u00eda Jim\u00e9nez los se\u00f1alamientos de la Alianza Mexicana de Organizaci\u00f3n de Transportistas A.C. (AMOTAC) contra la Guardia Nacional, no hubo extorsi\u00f3n, analizaron v\u00eddeo. En conferencia de prensa, rechaz\u00f3 que haya alg\u00fan caso de extorsi\u00f3n o extorsiones por parte de la Guardia Nacional en contra de [&hellip;]<\/p>\n","protected":false},"author":2476,"featured_media":42290,"comment_status":"open","ping_status":"open","sticky":false,"template":"","format":"standard","meta":{"_jetpack_memberships_contains_paid_content":false,"footnotes":""},"categories":[2],"tags":[],"class_list":["post-42289","post","type-post","status-publish","format-standard","has-post-thumbnail","hentry","category-estado"],"jetpack_featured_media_url":"https:\/\/encuentroinformativo.com.mx\/wp-content\/uploads\/2023\/06\/Photo_1687816301620.jpg","jetpack_sharing_enabled":true,"jetpack_likes_enabled":true,"amp_enabled":true,"_links":{"self":[{"href":"https:\/\/encuentroinformativo.com.mx\/index.php?rest_route=\/wp\/v2\/posts\/42289","targetHints":{"allow":["GET"]}}],"collection":[{"href":"https:\/\/encuentroinformativo.com.mx\/index.php?rest_route=\/wp\/v2\/posts"}],"about":[{"href":"https:\/\/encuentroinformativo.com.mx\/index.php?rest_route=\/wp\/v2\/types\/post"}],"author":[{"embeddable":true,"href":"https:\/\/encuentroinformativo.com.mx\/index.php?rest_route=\/wp\/v2\/users\/2476"}],"replies":[{"embeddable":true,"href":"https:\/\/encuentroinformativo.com.mx\/index.php?rest_route=%2Fwp%2Fv2%2Fcomments&post=42289"}],"version-history":[{"count":1,"href":"https:\/\/encuentroinformativo.com.mx\/index.php?rest_route=\/wp\/v2\/posts\/42289\/revisions"}],"predecessor-version":[{"id":42291,"href":"https:\/\/encuentroinformativo.com.mx\/index.php?rest_route=\/wp\/v2\/posts\/42289\/revisions\/42291"}],"wp:featuredmedia":[{"embeddable":true,"href":"https:\/\/encuentroinformativo.com.mx\/index.php?rest_route=\/wp\/v2\/media\/42290"}],"wp:attachment":[{"href":"https:\/\/encuentroinformativo.com.mx\/index.php?rest_route=%2Fwp%2Fv2%2Fmedia&parent=42289"}],"wp:term":[{"taxonomy":"category","embeddable":true,"href":"https:\/\/encuentroinformativo.com.mx\/index.php?rest_route=%2Fwp%2Fv2%2Fcategories&post=42289"},{"taxonomy":"post_tag","embeddable":true,"href":"https:\/\/encuentroinformativo.com.mx\/index.php?rest_route=%2Fwp%2Fv2%2Ftags&post=42289"}],"curies":[{"name":"wp","href":"https:\/\/api.w.org\/{rel}","templated":true}]}}