{"id":42299,"date":"2023-06-26T20:22:55","date_gmt":"2023-06-27T02:22:55","guid":{"rendered":"https:\/\/encuentroinformativo.com.mx\/?p=42299"},"modified":"2023-06-26T20:22:59","modified_gmt":"2023-06-27T02:22:59","slug":"unidad-deportiva-hugo-sanchez-se-convertira-en-una-de-las-mejores-de-mexico-jm-unanue","status":"publish","type":"post","link":"https:\/\/encuentroinformativo.com.mx\/?p=42299","title":{"rendered":"Unidad Deportiva Hugo S\u00e1nchez, se convertir\u00e1 en una de las mejores de M\u00e9xico: JM Un\u00e1nue"},"content":{"rendered":"\n<p><strong>*<em>La Unidad Deportiva continuar\u00e1 siendo un espacio p\u00fablico gratuito para los ciudadanos, destac\u00f3 el Alcalde<\/em>.<\/strong><\/p>\n\n\n\n<p>Boca del R\u00edo, Ver.- La suma de esfuerzos de los sectores p\u00fablico y privado permitir\u00e1 que la Unidad Deportiva Hugo S\u00e1nchez quede rehabilitada de manera integral, convirti\u00e9ndose de esta forma en uno de los mejores espacios en su tipo a nivel nacional, as\u00ed lo dio a conocer el Alcalde de Boca del R\u00edo, Juan Manuel Un\u00e1nue Abascal.<\/p>\n\n\n\n<p>El edil inform\u00f3 que el s\u00e1bado pasado iniciaron los trabajados de la primera etapa de rehabilitaci\u00f3n, intervini\u00e9ndose el campo de f\u00fatbol, as\u00ed como los vestidores y las gradas, para dar paso a la construcci\u00f3n de un gimnasio y un centro de rehabilitaci\u00f3n.<\/p>\n\n\n\n<p>Asimismo, detall\u00f3 que la primera etapa de la obra ser\u00e1 finalizada a finales de julio, destacando que en este momento se encuentra abierta la pista de atletismo de 5:30 a 9:30 de la ma\u00f1ana y por la tarde de 4 a 7 p.m., por cuestiones de seguridad.<\/p>\n\n\n\n<p>La Unidad Deportiva Hugo S\u00e1nchez continuar\u00e1 siendo un espacio p\u00fablico gratuito para los ciudadanos, no se privatizar\u00e1 ni se cobrar\u00e1 para su ingreso, al contrario, los boque\u00f1os podr\u00e1n disfrutar de un espacio en \u00f3ptimas condiciones, as\u00ed como los atletas de las disciplinas que diariamente entrenan en ella podr\u00e1n hacerlo una vez concluida esta remodelaci\u00f3n, explic\u00f3 el Alcalde Juan Manuel Un\u00e1nue Abascal.<\/p>\n\n\n\n<p>En este marco, el edil destac\u00f3 que desde los primeros d\u00edas de su gobierno se han dado a la tarea de rescatar los espacios p\u00fablicos y deportivos para el uso y disfrute de los boque\u00f1os, quedando a disposici\u00f3n de todos los ciudadanos de forma gratuita.<\/p>\n\n\n\n<p>\u201cSe ha apoyado desde el inicio de mi gesti\u00f3n no solo con la rehabilitaci\u00f3n de las unidades deportivas, sino tambi\u00e9n con uniformes, apoyos para viajes, autobuses de viaje a competencias, con equipo para las diferentes disciplinas y se continuar\u00e1 haciendo durante lo que resta de mi gobierno\u201d, explic\u00f3 el edil.<\/p>\n\n\n\n<p>Por \u00faltimo, concluy\u00f3 que actualmente los recursos para continuar con la segunda etapa de la rehabilitaci\u00f3n de la Unidad Deportiva Hugo S\u00e1nchez se est\u00e1n gestionando a trav\u00e9s del Gobierno Federal.<\/p>\n","protected":false},"excerpt":{"rendered":"<p>*La Unidad Deportiva continuar\u00e1 siendo un espacio p\u00fablico gratuito para los ciudadanos, destac\u00f3 el Alcalde. Boca del R\u00edo, Ver.- La suma de esfuerzos de los sectores p\u00fablico y privado permitir\u00e1 que la Unidad Deportiva Hugo S\u00e1nchez quede rehabilitada de manera integral, convirti\u00e9ndose de esta forma en uno de los mejores espacios en su tipo a [&hellip;]<\/p>\n","protected":false},"author":2476,"featured_media":42300,"comment_status":"open","ping_status":"open","sticky":false,"template":"","format":"standard","meta":{"_jetpack_memberships_contains_paid_content":false,"footnotes":""},"categories":[2],"tags":[],"class_list":["post-42299","post","type-post","status-publish","format-standard","has-post-thumbnail","hentry","category-estado"],"jetpack_featured_media_url":"https:\/\/encuentroinformativo.com.mx\/wp-content\/uploads\/2023\/06\/IMG-20230626-WA0133.jpg","jetpack_sharing_enabled":true,"jetpack_likes_enabled":true,"amp_enabled":true,"_links":{"self":[{"href":"https:\/\/encuentroinformativo.com.mx\/index.php?rest_route=\/wp\/v2\/posts\/42299","targetHints":{"allow":["GET"]}}],"collection":[{"href":"https:\/\/encuentroinformativo.com.mx\/index.php?rest_route=\/wp\/v2\/posts"}],"about":[{"href":"https:\/\/encuentroinformativo.com.mx\/index.php?rest_route=\/wp\/v2\/types\/post"}],"author":[{"embeddable":true,"href":"https:\/\/encuentroinformativo.com.mx\/index.php?rest_route=\/wp\/v2\/users\/2476"}],"replies":[{"embeddable":true,"href":"https:\/\/encuentroinformativo.com.mx\/index.php?rest_route=%2Fwp%2Fv2%2Fcomments&post=42299"}],"version-history":[{"count":1,"href":"https:\/\/encuentroinformativo.com.mx\/index.php?rest_route=\/wp\/v2\/posts\/42299\/revisions"}],"predecessor-version":[{"id":42301,"href":"https:\/\/encuentroinformativo.com.mx\/index.php?rest_route=\/wp\/v2\/posts\/42299\/revisions\/42301"}],"wp:featuredmedia":[{"embeddable":true,"href":"https:\/\/encuentroinformativo.com.mx\/index.php?rest_route=\/wp\/v2\/media\/42300"}],"wp:attachment":[{"href":"https:\/\/encuentroinformativo.com.mx\/index.php?rest_route=%2Fwp%2Fv2%2Fmedia&parent=42299"}],"wp:term":[{"taxonomy":"category","embeddable":true,"href":"https:\/\/encuentroinformativo.com.mx\/index.php?rest_route=%2Fwp%2Fv2%2Fcategories&post=42299"},{"taxonomy":"post_tag","embeddable":true,"href":"https:\/\/encuentroinformativo.com.mx\/index.php?rest_route=%2Fwp%2Fv2%2Ftags&post=42299"}],"curies":[{"name":"wp","href":"https:\/\/api.w.org\/{rel}","templated":true}]}}