{"id":42302,"date":"2023-06-27T09:43:31","date_gmt":"2023-06-27T15:43:31","guid":{"rendered":"https:\/\/encuentroinformativo.com.mx\/?p=42302"},"modified":"2023-06-27T09:43:36","modified_gmt":"2023-06-27T15:43:36","slug":"los-compadres-de-zenyazen","status":"publish","type":"post","link":"https:\/\/encuentroinformativo.com.mx\/?p=42302","title":{"rendered":"LOS COMPADRES DE ZENYAZEN"},"content":{"rendered":"\n<p><strong>Los Pol\u00edticos<\/strong><\/p>\n\n\n\n<p><strong>Salvador Mu\u00f1oz<\/strong><\/p>\n\n\n\n<p>Han de disculpar los Zenyazenistas, pero la encuesta que circul\u00f3 el pasado fin de semana que coloca al titular de la SEV a la cabeza en las preferencias entre Paty Lobeira y Sergio Guti\u00e9rrez Luna, se ve tan mal como la que se mand\u00f3 a hacer Bola 8, o peor, por una simple raz\u00f3n, entre las varias que pudi\u00e9ramos citar.<\/p>\n\n\n\n<p>La primera, porque pareciera sesgada la encuesta de la Revista&nbsp;C&amp;E Research, Campaigns and Elections y a primera vista, uno pudiera decir: No tienen idea en esa revista de c\u00f3mo hacer una encuesta y lo peor, tampoco conocen a los actores pol\u00edticos de Veracruz cuando en la contienda por la gubernatura, aparecen como probables candidatos Sergio Guti\u00e9rrez Luna (PT), Paty Lobeira (Alianza PAN-PRI-PRD) y Zenyazen (por Morena).<\/p>\n\n\n\n<p>No es que uno le vea nulas posibilidades a los citados l\u00edneas arriba para contender por la Gubernatura, pero si comparamos el manejo de la encuesta que circul\u00f3 a favor del titular de la SEV&nbsp; con la de Bola 8, la primera interrogante es \u00bfY Nahle?<\/p>\n\n\n\n<p>De un tajo, la encuesta que manejaron los Zenyazenistas obviaron a quien se supone por los Morenos veracruzanos, su carta m\u00e1s fuerte.<\/p>\n\n\n\n<p>Por supuesto, ac\u00e1 no hay error de la revista C&amp;E Research, Campaigns and Elections\u2026 sino una mala decisi\u00f3n de los promotores, asesores, consiglieri, mano derecha o lambiscones de Zenyazen, a quien le vendieron la idea de que ten\u00eda que salir en alguna encuesta\u2026 \u00a1pero no de esa forma tendenciosa que lejos de ayudar, empa\u00f1a la imagen de Zenyazen!<\/p>\n\n\n\n<p>Primero, porque entre las corcholatas, de acuerdo a la encuesta de tal revista, sigue apareciendo en primer lugar Roc\u00edo Nahle seguida de Ricardo Ahued; aparece en tercer lugar, Manuel Huerta y en cuarto, Sergio Guti\u00e9rrez Luna; quinto lugar, Zenyazen.<\/p>\n\n\n\n<p>Segundo, en la caballada del PAN aparece en primer lugar Miguel \u00c1ngel Yunes M\u00e1rquez seguido de Fernando Yunes M\u00e1rquez y en tercero, Julen Rementer\u00eda. La alcaldesa del Puerto Jarocho aparece en cuarto lugar\u2026<\/p>\n\n\n\n<p>Ahora, dentro de los escenarios que plantea la revista C&amp;E Research, Campaigns and Elections, est\u00e1 el caso \u201c\u00bfY si no es Nahle?\u201d<\/p>\n\n\n\n<p>Ah, pues entonces, entre los tres primeros \u201crelevos\u201d que la encuesta arroja, aparece primero Ricardo Ahued, Manuel Huerta Ladr\u00f3n de Guevara y \u00a1ag\u00e1rrense! \u00a1Sergio Guti\u00e9rrez Luna!<\/p>\n\n\n\n<p>La encuesta de C&amp;E igual genera tres careos que sinceramente no s\u00e9 de d\u00f3nde o porqu\u00e9 los saca pero ac\u00e1 se los ponemos:<\/p>\n\n\n\n<p>El primer careo plantea un encuentro en las urnas entre Roc\u00edo Nahle, Fernando Yunes M\u00e1rquez y Dante Delgado Rannauro, llevando el gane con el 45 por ciento de las preferencias la zacatecana y en alianza con PT y Verde, seguida del porte\u00f1o con un 30 por ciento y el cordob\u00e9s, con un 8%.<\/p>\n\n\n\n<p>El segundo careo es Ahued (Morena y PVEM) compitiendo con Julen Rementer\u00eda y Jos\u00e9 Manuel del R\u00edo Virgen. El pachuco, con 42%; el suegro de las porte\u00f1as, 27%; y el ex alcalde de Tecolutla, 7%.<\/p>\n\n\n\n<p>El tercer careo es donde aparece Zenyazen, Paty y Cheko\u2026<\/p>\n\n\n\n<p>Con el respeto que se merece la revista C&amp;E, si checamos el primer careo, la primera interrogante es \u00bfY d\u00f3nde dejaron al mejor posicionado del PAN, seg\u00fan la misma casa encuestadora, Miguel \u00c1ngel Yunes M\u00e1rquez?<\/p>\n\n\n\n<p>Y en el segundo careo, surge la misma pregunta\u2026<\/p>\n\n\n\n<p>Y en el tercer careo, m\u00e1s que una posibilidad de candidatos a la gubernatura, parece un \u201crepechaje\u201d de nuestro rampl\u00f3n torneo de futbol mexicano\u2026<\/p>\n\n\n\n<p>Si pretend\u00edan que Zenyazen figurara con una encuesta sesgada, aqu\u00ed perfectamente aplica el dicho de \u201cNo me ayudes, compadre\u201d&#8230; abusado secretario, porque \u00e9sos ni son promotores, asesores, consiglieri o mano derecha\u2026 caben mejor como lambiscones o lamensuelas\u2026 no se deje enga\u00f1ar por el canto de las sirenas.<\/p>\n\n\n\n<p>Aqu\u00ed, el link de la encuesta&nbsp;<a href=\"https:\/\/www.ceonline.com.mx\/post\/veracruz-encuesta-13jun2023\" target=\"_blank\" rel=\"noreferrer noopener\">https:\/\/www.ceonline.com.mx\/post\/veracruz-encuesta-13jun2023<\/a><\/p>\n","protected":false},"excerpt":{"rendered":"<p>Los Pol\u00edticos Salvador Mu\u00f1oz Han de disculpar los Zenyazenistas, pero la encuesta que circul\u00f3 el pasado fin de semana que coloca al titular de la SEV a la cabeza en las preferencias entre Paty Lobeira y Sergio Guti\u00e9rrez Luna, se ve tan mal como la que se mand\u00f3 a hacer Bola 8, o peor, por [&hellip;]<\/p>\n","protected":false},"author":2476,"featured_media":387,"comment_status":"open","ping_status":"open","sticky":false,"template":"","format":"standard","meta":{"_jetpack_memberships_contains_paid_content":false,"footnotes":""},"categories":[11],"tags":[],"class_list":["post-42302","post","type-post","status-publish","format-standard","has-post-thumbnail","hentry","category-opinion"],"jetpack_featured_media_url":"https:\/\/encuentroinformativo.com.mx\/wp-content\/uploads\/2020\/03\/7CF8A22B-2764-47BE-8F7F-38FE9E5D6A2F.jpeg","jetpack_sharing_enabled":true,"jetpack_likes_enabled":true,"amp_enabled":true,"_links":{"self":[{"href":"https:\/\/encuentroinformativo.com.mx\/index.php?rest_route=\/wp\/v2\/posts\/42302","targetHints":{"allow":["GET"]}}],"collection":[{"href":"https:\/\/encuentroinformativo.com.mx\/index.php?rest_route=\/wp\/v2\/posts"}],"about":[{"href":"https:\/\/encuentroinformativo.com.mx\/index.php?rest_route=\/wp\/v2\/types\/post"}],"author":[{"embeddable":true,"href":"https:\/\/encuentroinformativo.com.mx\/index.php?rest_route=\/wp\/v2\/users\/2476"}],"replies":[{"embeddable":true,"href":"https:\/\/encuentroinformativo.com.mx\/index.php?rest_route=%2Fwp%2Fv2%2Fcomments&post=42302"}],"version-history":[{"count":1,"href":"https:\/\/encuentroinformativo.com.mx\/index.php?rest_route=\/wp\/v2\/posts\/42302\/revisions"}],"predecessor-version":[{"id":42303,"href":"https:\/\/encuentroinformativo.com.mx\/index.php?rest_route=\/wp\/v2\/posts\/42302\/revisions\/42303"}],"wp:featuredmedia":[{"embeddable":true,"href":"https:\/\/encuentroinformativo.com.mx\/index.php?rest_route=\/wp\/v2\/media\/387"}],"wp:attachment":[{"href":"https:\/\/encuentroinformativo.com.mx\/index.php?rest_route=%2Fwp%2Fv2%2Fmedia&parent=42302"}],"wp:term":[{"taxonomy":"category","embeddable":true,"href":"https:\/\/encuentroinformativo.com.mx\/index.php?rest_route=%2Fwp%2Fv2%2Fcategories&post=42302"},{"taxonomy":"post_tag","embeddable":true,"href":"https:\/\/encuentroinformativo.com.mx\/index.php?rest_route=%2Fwp%2Fv2%2Ftags&post=42302"}],"curies":[{"name":"wp","href":"https:\/\/api.w.org\/{rel}","templated":true}]}}