{"id":42304,"date":"2023-06-27T09:49:23","date_gmt":"2023-06-27T15:49:23","guid":{"rendered":"https:\/\/encuentroinformativo.com.mx\/?p=42304"},"modified":"2023-06-27T09:49:27","modified_gmt":"2023-06-27T15:49:27","slug":"inicio-mal-el-frente-amplio-por-mexico-malas-copias-deslindes-bajas","status":"publish","type":"post","link":"https:\/\/encuentroinformativo.com.mx\/?p=42304","title":{"rendered":"INICI\u00d3 MAL EL FRENTE AMPLIO POR M\u00c9XICO: MALAS COPIAS, DESLINDES, BAJAS\u2026"},"content":{"rendered":"\n<p><strong>ColumnaSinNombre<br>@pablojair<\/strong><\/p>\n\n\n\n<ul class=\"wp-block-list\"><li>Ya hay un detenido por caso del familiar de Lay\u00fan.<\/li><li>\u201cLidercillos\u201d impiden obras en comunidades: Cuit.<\/li><li>Atraparon a banda de asalta-trailers.<\/li><\/ul>\n\n\n\n<p>Ya nom\u00e1s falta que el PRIANRD pinte de blanco<br>el cabello de su futuro abanderado y tenga acento sure\u00f1o.<br>\u2014Chopenjawer<\/p>\n\n\n\n<p>Este lunes, el bloque opositor del PRIANRD dio a conocer el Frente Amplio Por M\u00e9xico, que se supone ser\u00e1 para competirle a Morena en las elecciones federales y estatales de 2024, incluida la Presidencia de la Rep\u00fablica y gubernaturas como la de Veracruz.<\/p>\n\n\n\n<p>Pero d\u00edas antes de que se conformara este grupo de manera &#8220;oficial&#8221; \u2014en realidad s\u00f3lo era cosa de formalizar lo evidente\u2014 se hab\u00eda anunciado la creaci\u00f3n del &#8220;consejo electoral ciudadano&#8221; formado por ex presidentes del desaparecido Instituto Federal Electoral (IFE) e intelectuales.<\/p>\n\n\n\n<p>Pero no pas\u00f3 mucho tiempo y uno de los notables que renunci\u00f3 a formar parte de dicho &#8220;consejo&#8221; fue el reconocido analista pol\u00edtico Sergio Aguayo, quien detall\u00f3 que en tres semanas cambiaron los t\u00e9rminos acordados y su salida fue porque no estuvo de acuerdo en que los ciudadanos sin partido quedaran sometidos a la voluntad del PRI-PAN-PRD.<\/p>\n\n\n\n<p>Adem\u00e1s dijo que otros miembros del &#8220;consejo&#8221; que hizo agua, tambi\u00e9n renunciaron. El connotado periodista Julio Hern\u00e1ndez (autor de &#8220;Astillero&#8221;) dio a conocer que fueron 5 de los once invitados: una tremenda exhibida previa a la presentaci\u00f3n oficial del Frente.<\/p>\n\n\n\n<p>Al difuminado &#8220;consejo electoral ciudadano&#8221; se sumaron las bajas de actores pol\u00edticos que eran mencionados como aspirantes a la Presidencia por parte del bloque PRIANRD: el primero fue el senador Germ\u00e1n Mart\u00ednez C\u00e1zares, aunque en realidad no se le ve\u00eda posibilidad alguna de siquiera de ser nombrado como abanderado de dicho bloque, por su recordada traici\u00f3n al PAN para sumarse a Morena.<\/p>\n\n\n\n<p>Una baja que seguramente s\u00ed le doli\u00f3 al bloque opositor fue la salida de su mejor carta: Mauricio Vila, el gobernador panista de Yucat\u00e1n, quien ha estado encabezando por varios meses las encuestas como el mejor mandatario estatal del pa\u00eds. Fue este domingo cuando anunci\u00f3 que no buscar\u00eda la Presidencia de la Rep\u00fablica.<\/p>\n\n\n\n<p>Vila, a diferencia de muchos correligionarios de su partido, es de los pocos panistas que est\u00e1 de acuerdo en la construcci\u00f3n del Tren Maya (proyecto de la actual administraci\u00f3n conocida como la Cuarta Transformaci\u00f3n); es mencionado regularmente por el presidente Andr\u00e9s Manuel L\u00f3pez Obrador como un gobernante con el que tiene muy buena relaci\u00f3n y coordinaci\u00f3n.<\/p>\n\n\n\n<p>Este lunes, el dirigente nacional del PRI, Alejandro Moreno (&#8220;Alito&#8221;) tambi\u00e9n hizo lo propio para no repetir el descaro que tuvo Roberto Madrazo cuando fue presidente del Comit\u00e9 Ejecutivo Nacional y us\u00f3 esa plataforma para su candidatura presidencial en 2006 con un rotundo fracaso para el tricolor. El campechano \u201cAlito\u201d de plano dijo que no va tampoco por la silla grande y se baj\u00f3 tambi\u00e9n de la carrera.<\/p>\n\n\n\n<p>As\u00ed, estas tres bajas debilitan al de por s\u00ed fr\u00e1gil frente opositor\u2026 Pero no es todo\u2026<\/p>\n\n\n\n<p>De entrada, una de las cr\u00edticas m\u00e1s generalizadas es que el esquema planeado para elegir a su futuro abanderado es s\u00f3lo una copia de lo que hizo Morena con su &#8220;coordinador de la Defensa de la Cuarta Transformaci\u00f3n&#8221;, pero ac\u00e1 el PRIANRD lo llam\u00f3 &#8220;responsable nacional de la Construcci\u00f3n del Frente Amplio&#8221;. S\u00f3lo cambiaron tantito las fechas y agregaron otros eventos m\u00e1s para elegir al candidato o candidata, pero b\u00e1sicamente es encuestas, como en Morena.<\/p>\n\n\n\n<p>En el argot period\u00edstico es algo as\u00ed como: \u201crevuelca la nota para que no parezca que es la misma\u201d.<\/p>\n\n\n\n<p>No obstante, seg\u00fan lo dicho por Sergio Aguayo, todo pinta a que finalmente ser\u00e1 una designaci\u00f3n de la c\u00fapula de los tres partidos, m\u00e1s que una consulta ciudadana.<\/p>\n\n\n\n<p>El asunto es que hasta el nombre le copiaron a la historia lopezobradorista: lo del &#8220;Frente Amplio Por M\u00e9xico&#8221; no es m\u00e1s que una copia del &#8220;Frente Amplio Progresista&#8221;, que fue la coalici\u00f3n creada luego de las elecciones del 2 de julio del 2006 con AMLO a la cabeza, integrada entonces por el Partido de la Revoluci\u00f3n Democr\u00e1tica (PRD), el Partido del Trabajo (PT) y el Partido Convergencia (hoy Movimiento Ciudadano).<\/p>\n\n\n\n<p>Tampoco hubo sorpresas en el anuncio: el que apareci\u00f3 en los reflectores principales de la presentaci\u00f3n del nuevo \u201cFrente Amplio\u201d fue el empresario Claudio X. Gonz\u00e1lez, se\u00f1alado de ser uno de los patrocinadores de grupos radicales opositores que atacan a L\u00f3pez Obrador y a la 4T, algo que el propio presidente ha se\u00f1alado constantemente en sus conferencias \u201cma\u00f1aneras&#8221;. Era algo que ya se sab\u00eda, pero confirma todo: detr\u00e1s de esa c\u00fapula partidista, tambi\u00e9n hay una de industriales millonarios que odian todo lo que huela a AMLO.<\/p>\n\n\n\n<p>Con estos inicios, pareciera que el &#8220;Frente Amplio Por M\u00e9xico&#8221; (aparte de ser un mal remedo) s\u00f3lo es un grupo que sigue debilitado, sin un personaje serio para abanderar con mucho capital pol\u00edtico (como el gobernador yucateco), y sin intelectuales que se deslindaron de participar en una farsa tripartita.<\/p>\n\n\n\n<p>A ver c\u00f3mo les va con el tiempo que falta\u2026 Todo puede pasar en pol\u00edtica.<\/p>\n\n\n\n<p><strong>NOTA PARA PEGAR EN EL REFRI: <\/strong>Mientras los carro\u00f1eros que ya trabajaron en gobierno (en \u00e9pocas de mayor violencia como los sexenios de Fidel Herrera y Javier Duarte) le dan &#8220;vuelo&#8221; a tragedias nom\u00e1s para sacar raja pol\u00edtica, el caso del familiar del futbolista Miguel Lay\u00fan parece irse resolviendo, pues este lunes se inform\u00f3 que ya hay un detenido por el caso y se tratar\u00eda de un asunto personal, lejos de una situaci\u00f3n m\u00e1s complicada como secuestro o ejecuci\u00f3n del crimen organizado\u2026 Habr\u00e1 qu\u00e9 ver lo que dicen los deudos.<\/p>\n\n\n\n<p><strong>OTRA NOTA: <\/strong>Aunque se reserv\u00f3 nombres, el gobernador Cuitl\u00e1huac Garc\u00eda coment\u00f3 en su conferencia que ha habido resistencia de &#8220;lidercillos&#8221; que impiden se realicen obras; coment\u00f3 el caso de una localidad donde un grupo de &#8220;representantes&#8221; habr\u00edan rechazado la construcci\u00f3n de un camino \u201cmuy necesario\u201d para la regi\u00f3n que incluso estaba presupuestado, pero que lo impidieron &#8211;supongo&#8211; por cuestiones pol\u00edticas y de a ver qu\u00e9 sacaban al respecto (algo muy com\u00fan en tiempos del pasado, especialmente en el priato). Coment\u00f3 que fueron los propios pobladores quienes se dieron cuenta de la situaci\u00f3n y se deslindaron de dichos &#8220;l\u00edderes&#8221;, por lo que finalmente la obra ya se va a realizar en acuerdo con autoridades municipales.<\/p>\n\n\n\n<p><strong>LA \u00daLTIMA PORQUE NO ME AVISARON QUE YA ESTABAN LOS RIGHTEOUS GEMSTONES:<\/strong> Por cierto que en su conferencia de este lunes, el mandatario estatal dio a conocer que a m\u00e1s tardar en 3 d\u00edas se dar\u00e1n detalles sobre la detenci\u00f3n de una banda dedicada al asalto al transporte de carga que, dijo, los agarraron &#8220;con las manos en la masa&#8221;. Esto vino a colaci\u00f3n por la protesta de transportistas que se realiz\u00f3 este lunes en el bulevar Xalapa-Banderilla, quienes dicen que son v\u00edctimas de la Guardia Nacional y que \u00e9stos son peores que la extinta Polic\u00eda Federal; protesta que se habr\u00eda originado precisamente por la detenci\u00f3n de transportistas con carga \u201cchueca\u201d o no justificada\u2026 Est\u00e1 bien que se manifiesten y hagan ruido los taxistas y conductores de tractocamiones, m\u00e1s si estos son unas blancas palomitas que no cometen delitos. Al menos, algunos seguramente no participan en robos o secuestros en ciudades, y muchos menos transportan inmigrantes a escondidas para llev\u00e1rselos al crimen organizado.<\/p>\n","protected":false},"excerpt":{"rendered":"<p>ColumnaSinNombre@pablojair Ya hay un detenido por caso del familiar de Lay\u00fan. \u201cLidercillos\u201d impiden obras en comunidades: Cuit. Atraparon a banda de asalta-trailers. Ya nom\u00e1s falta que el PRIANRD pinte de blancoel cabello de su futuro abanderado y tenga acento sure\u00f1o.\u2014Chopenjawer Este lunes, el bloque opositor del PRIANRD dio a conocer el Frente Amplio Por M\u00e9xico, [&hellip;]<\/p>\n","protected":false},"author":2476,"featured_media":488,"comment_status":"open","ping_status":"open","sticky":false,"template":"","format":"standard","meta":{"_jetpack_memberships_contains_paid_content":false,"footnotes":""},"categories":[11],"tags":[],"class_list":["post-42304","post","type-post","status-publish","format-standard","has-post-thumbnail","hentry","category-opinion"],"jetpack_featured_media_url":"https:\/\/encuentroinformativo.com.mx\/wp-content\/uploads\/2020\/03\/F471F608-BA1A-416B-BA7B-BCFB24F4E6D0.jpeg","jetpack_sharing_enabled":true,"jetpack_likes_enabled":true,"amp_enabled":true,"_links":{"self":[{"href":"https:\/\/encuentroinformativo.com.mx\/index.php?rest_route=\/wp\/v2\/posts\/42304","targetHints":{"allow":["GET"]}}],"collection":[{"href":"https:\/\/encuentroinformativo.com.mx\/index.php?rest_route=\/wp\/v2\/posts"}],"about":[{"href":"https:\/\/encuentroinformativo.com.mx\/index.php?rest_route=\/wp\/v2\/types\/post"}],"author":[{"embeddable":true,"href":"https:\/\/encuentroinformativo.com.mx\/index.php?rest_route=\/wp\/v2\/users\/2476"}],"replies":[{"embeddable":true,"href":"https:\/\/encuentroinformativo.com.mx\/index.php?rest_route=%2Fwp%2Fv2%2Fcomments&post=42304"}],"version-history":[{"count":1,"href":"https:\/\/encuentroinformativo.com.mx\/index.php?rest_route=\/wp\/v2\/posts\/42304\/revisions"}],"predecessor-version":[{"id":42305,"href":"https:\/\/encuentroinformativo.com.mx\/index.php?rest_route=\/wp\/v2\/posts\/42304\/revisions\/42305"}],"wp:featuredmedia":[{"embeddable":true,"href":"https:\/\/encuentroinformativo.com.mx\/index.php?rest_route=\/wp\/v2\/media\/488"}],"wp:attachment":[{"href":"https:\/\/encuentroinformativo.com.mx\/index.php?rest_route=%2Fwp%2Fv2%2Fmedia&parent=42304"}],"wp:term":[{"taxonomy":"category","embeddable":true,"href":"https:\/\/encuentroinformativo.com.mx\/index.php?rest_route=%2Fwp%2Fv2%2Fcategories&post=42304"},{"taxonomy":"post_tag","embeddable":true,"href":"https:\/\/encuentroinformativo.com.mx\/index.php?rest_route=%2Fwp%2Fv2%2Ftags&post=42304"}],"curies":[{"name":"wp","href":"https:\/\/api.w.org\/{rel}","templated":true}]}}