{"id":42306,"date":"2023-06-27T11:18:18","date_gmt":"2023-06-27T17:18:18","guid":{"rendered":"https:\/\/encuentroinformativo.com.mx\/?p=42306"},"modified":"2023-06-27T11:18:22","modified_gmt":"2023-06-27T17:18:22","slug":"preocupa-a-pobladores-sequia-en-laguna-de-el-castillo","status":"publish","type":"post","link":"https:\/\/encuentroinformativo.com.mx\/?p=42306","title":{"rendered":"Preocupa a pobladores sequ\u00eda en laguna de El Castillo"},"content":{"rendered":"\n<p><strong>Juan Arcos <\/strong><\/p>\n\n\n\n<p>Xalapa, Ver.- Pobladores denunciaron que reci\u00e9n se sec\u00f3 una parte de la presa de la congregaci\u00f3n El Castillo, municipio de Xalapa, lo que afecta a la poblaci\u00f3n xalape\u00f1a y complicar\u00eda a\u00fan m\u00e1s el suministro de agua.<\/p>\n\n\n\n<p>Los vecinos acusaron que esta situaci\u00f3n se debe a la extracci\u00f3n desmedida de agua por parte de pipas y exigieron la urgente intervenci\u00f3n del ayuntamiento de Xalapa para detener el saqueo.<\/p>\n\n\n\n<p>Esto ocurre a unos seis kil\u00f3metros de la cabecera municipal de Xalapa, en una zona donde los ambientalistas han denunciado tambi\u00e9n el crecimiento desmedido de la mancha urbana, que pone en riesgo a la zona de manantiales.<\/p>\n\n\n\n<p>La gente indic\u00f3 de manera an\u00f3nima que los manantiales est\u00e1n en riesgo de desaparecer y esto dejar\u00eda sin agua a la zona rural de Xalapa, que contempla al municipio de Emiliano Zapata, al Batall\u00f3n de Infanter\u00eda n\u00famero 26, El Lencero, El Terrero, Las Cruces, as\u00ed como localidades aleda\u00f1as a El Castillo.<\/p>\n\n\n\n<p>Las personas detectaron la presencia de pipas desde hace tres meses que extraen el agua a cualquier hora del d\u00eda, situaci\u00f3n que fue m\u00e1s notoria durante la ola de calor.<\/p>\n\n\n\n<p>Los habitantes consideraron que el agua extra\u00edda fue comercializada en otras zonas debido al desabasto que se ha registrado en la capital de Veracruz.<\/p>\n\n\n\n<p>En ese sentido, exigieron a la Comisi\u00f3n de Agua del Estado de Veracruz (CAEV), Comisi\u00f3n Municipal de Agua y Saneamiento de Xalapa (CMAS) y a la Comisi\u00f3n Nacional del Agua (Conagua) que se detenta la explotaci\u00f3n del cuerpo de agua.<\/p>\n\n\n\n<p>La gente est\u00e1 preocupada debido a que podr\u00eda agravarse la problem\u00e1tica del desabasto de agua. Adem\u00e1s, indicaron que es injusto que les quiten el agua en El Castillo para dotar a otras zonas.<\/p>\n\n\n\n<p>Cabe recordar que el titular de CAEV, F\u00e9lix Jorge Ladr\u00f3n de Guevara Ben\u00edtez, admiti\u00f3 que de la laguna El Castillo se realizan las extracciones de agua para abastecer a gran parte de la ciudad de Xalapa; sin embargo, ya hay una grave afectaci\u00f3n al cuerpo de agua. <\/p>\n","protected":false},"excerpt":{"rendered":"<p>Juan Arcos Xalapa, Ver.- Pobladores denunciaron que reci\u00e9n se sec\u00f3 una parte de la presa de la congregaci\u00f3n El Castillo, municipio de Xalapa, lo que afecta a la poblaci\u00f3n xalape\u00f1a y complicar\u00eda a\u00fan m\u00e1s el suministro de agua. Los vecinos acusaron que esta situaci\u00f3n se debe a la extracci\u00f3n desmedida de agua por parte de [&hellip;]<\/p>\n","protected":false},"author":2476,"featured_media":42307,"comment_status":"open","ping_status":"open","sticky":false,"template":"","format":"standard","meta":{"_jetpack_memberships_contains_paid_content":false,"footnotes":""},"categories":[8],"tags":[],"class_list":["post-42306","post","type-post","status-publish","format-standard","has-post-thumbnail","hentry","category-region"],"jetpack_featured_media_url":"https:\/\/encuentroinformativo.com.mx\/wp-content\/uploads\/2023\/06\/7564eba0-547b-4156-a285-010d27d2c121.jpg","jetpack_sharing_enabled":true,"jetpack_likes_enabled":true,"amp_enabled":true,"_links":{"self":[{"href":"https:\/\/encuentroinformativo.com.mx\/index.php?rest_route=\/wp\/v2\/posts\/42306","targetHints":{"allow":["GET"]}}],"collection":[{"href":"https:\/\/encuentroinformativo.com.mx\/index.php?rest_route=\/wp\/v2\/posts"}],"about":[{"href":"https:\/\/encuentroinformativo.com.mx\/index.php?rest_route=\/wp\/v2\/types\/post"}],"author":[{"embeddable":true,"href":"https:\/\/encuentroinformativo.com.mx\/index.php?rest_route=\/wp\/v2\/users\/2476"}],"replies":[{"embeddable":true,"href":"https:\/\/encuentroinformativo.com.mx\/index.php?rest_route=%2Fwp%2Fv2%2Fcomments&post=42306"}],"version-history":[{"count":1,"href":"https:\/\/encuentroinformativo.com.mx\/index.php?rest_route=\/wp\/v2\/posts\/42306\/revisions"}],"predecessor-version":[{"id":42308,"href":"https:\/\/encuentroinformativo.com.mx\/index.php?rest_route=\/wp\/v2\/posts\/42306\/revisions\/42308"}],"wp:featuredmedia":[{"embeddable":true,"href":"https:\/\/encuentroinformativo.com.mx\/index.php?rest_route=\/wp\/v2\/media\/42307"}],"wp:attachment":[{"href":"https:\/\/encuentroinformativo.com.mx\/index.php?rest_route=%2Fwp%2Fv2%2Fmedia&parent=42306"}],"wp:term":[{"taxonomy":"category","embeddable":true,"href":"https:\/\/encuentroinformativo.com.mx\/index.php?rest_route=%2Fwp%2Fv2%2Fcategories&post=42306"},{"taxonomy":"post_tag","embeddable":true,"href":"https:\/\/encuentroinformativo.com.mx\/index.php?rest_route=%2Fwp%2Fv2%2Ftags&post=42306"}],"curies":[{"name":"wp","href":"https:\/\/api.w.org\/{rel}","templated":true}]}}