{"id":42309,"date":"2023-06-27T12:35:53","date_gmt":"2023-06-27T18:35:53","guid":{"rendered":"https:\/\/encuentroinformativo.com.mx\/?p=42309"},"modified":"2023-06-27T12:35:58","modified_gmt":"2023-06-27T18:35:58","slug":"anuncian-doceava-edicion-de-la-marcha-lgbtq-en-zona-conurbada","status":"publish","type":"post","link":"https:\/\/encuentroinformativo.com.mx\/?p=42309","title":{"rendered":"Anuncian doceava edici\u00f3n de la Marcha LGBTQ+ en zona conurbada"},"content":{"rendered":"\n<p><strong>Alejandro \u00c1vila<\/strong><\/p>\n\n\n\n<p>Veracruz, Ver.- El pr\u00f3ximo domingo 16 de julio se llevar\u00e1 a cabo la doceava edici\u00f3n de la Marcha LGBTQ+ de Veracruz &#8211; Boca del R\u00edo, donde la madrina de este evento ser\u00e1 Gala Varo participante del Drag Race M\u00e9xico.<\/p>\n\n\n\n<p>Previo a este evento se realizar\u00e1 una semana cultural con integrantes de la comunidad LGBTQ+; adem\u00e1s de un homenaje post mortem al fundador, Felipe Santiago.<\/p>\n\n\n\n<p>El martes 11 de julio se presentar\u00e1 la obra de teatro &#8220;Fresa y Chocolate&#8221;; adem\u00e1s habr\u00e1 un taller de fortalecimiento para l\u00edderes LGBT, realizada por la Asociaci\u00f3n Civil &#8220;Casa Veracruz&#8221;; el mi\u00e9rcoles 12 de julio se llevar\u00e1 a cabo en Casa Principal la ponencia &#8220;M\u00e1s All\u00e1 del Arcoiris: la lucha por las libertades en el contexto hist\u00f3rico de las poblaciones diversex, adem\u00e1s de una exposici\u00f3n colectiva denominada &#8220;Jarochxs Diversxs&#8221;.<\/p>\n\n\n\n<p>El jueves 13 de julio habr\u00e1 un conversatorio llamado &#8220;Vivencias Trans y la Familia&#8221;; mientras que el viernes 14 de julio se llevar\u00e1 a cabo el Primer Fashion Model LGBTQ+ en las playas del Foro Boca.<\/p>\n\n\n\n<p>El s\u00e1bado 15 de julio se coronar\u00e1 en el z\u00f3calo de Boca del R\u00edo a Noa Prieto como Reina, Isa\u00eda Chi\u00f1as como Rey, y Tosca Queer como Reine.<\/p>\n\n\n\n<p>&#8220;Tenemos que recordar que esta semana y este mes del orgullo se tiene que extender todo el a\u00f1o y siempre, pero principalmente nosotros queremos hacer denotar que la uni\u00f3n va a ser la fuerza siempre, que el que el respeto va a ser la fuerza, y acompa\u00f1ados de nuestra coordinadora Vianey Jeffrey vamos a estar realizando todos estos eventos para todos ustedes y abiertos para la familia&#8221;, mencion\u00f3 Marco Antonio Bouces.<\/p>\n\n\n\n<p>Finalmente el domingo 16 de julio se realizar\u00e1 a partir de las 4 de la tarde la XII Marcha LGBTQ+, partiendo de la intersecci\u00f3n de los bulevares &#8220;Manuel \u00c1vila Camacho&#8221; y &#8220;Adolfo Ruiz Cortines&#8221; a la altura del hotel Lois, y terminando en la plaza del Magisterio.<\/p>\n","protected":false},"excerpt":{"rendered":"<p>Alejandro \u00c1vila Veracruz, Ver.- El pr\u00f3ximo domingo 16 de julio se llevar\u00e1 a cabo la doceava edici\u00f3n de la Marcha LGBTQ+ de Veracruz &#8211; Boca del R\u00edo, donde la madrina de este evento ser\u00e1 Gala Varo participante del Drag Race M\u00e9xico. Previo a este evento se realizar\u00e1 una semana cultural con integrantes de la comunidad [&hellip;]<\/p>\n","protected":false},"author":2476,"featured_media":42310,"comment_status":"open","ping_status":"open","sticky":false,"template":"","format":"standard","meta":{"_jetpack_memberships_contains_paid_content":false,"footnotes":""},"categories":[2],"tags":[],"class_list":["post-42309","post","type-post","status-publish","format-standard","has-post-thumbnail","hentry","category-estado"],"jetpack_featured_media_url":"https:\/\/encuentroinformativo.com.mx\/wp-content\/uploads\/2023\/06\/IMG-20230627-WA0019.jpg","jetpack_sharing_enabled":true,"jetpack_likes_enabled":true,"amp_enabled":true,"_links":{"self":[{"href":"https:\/\/encuentroinformativo.com.mx\/index.php?rest_route=\/wp\/v2\/posts\/42309","targetHints":{"allow":["GET"]}}],"collection":[{"href":"https:\/\/encuentroinformativo.com.mx\/index.php?rest_route=\/wp\/v2\/posts"}],"about":[{"href":"https:\/\/encuentroinformativo.com.mx\/index.php?rest_route=\/wp\/v2\/types\/post"}],"author":[{"embeddable":true,"href":"https:\/\/encuentroinformativo.com.mx\/index.php?rest_route=\/wp\/v2\/users\/2476"}],"replies":[{"embeddable":true,"href":"https:\/\/encuentroinformativo.com.mx\/index.php?rest_route=%2Fwp%2Fv2%2Fcomments&post=42309"}],"version-history":[{"count":1,"href":"https:\/\/encuentroinformativo.com.mx\/index.php?rest_route=\/wp\/v2\/posts\/42309\/revisions"}],"predecessor-version":[{"id":42311,"href":"https:\/\/encuentroinformativo.com.mx\/index.php?rest_route=\/wp\/v2\/posts\/42309\/revisions\/42311"}],"wp:featuredmedia":[{"embeddable":true,"href":"https:\/\/encuentroinformativo.com.mx\/index.php?rest_route=\/wp\/v2\/media\/42310"}],"wp:attachment":[{"href":"https:\/\/encuentroinformativo.com.mx\/index.php?rest_route=%2Fwp%2Fv2%2Fmedia&parent=42309"}],"wp:term":[{"taxonomy":"category","embeddable":true,"href":"https:\/\/encuentroinformativo.com.mx\/index.php?rest_route=%2Fwp%2Fv2%2Fcategories&post=42309"},{"taxonomy":"post_tag","embeddable":true,"href":"https:\/\/encuentroinformativo.com.mx\/index.php?rest_route=%2Fwp%2Fv2%2Ftags&post=42309"}],"curies":[{"name":"wp","href":"https:\/\/api.w.org\/{rel}","templated":true}]}}