{"id":42312,"date":"2023-06-27T12:41:30","date_gmt":"2023-06-27T18:41:30","guid":{"rendered":"https:\/\/encuentroinformativo.com.mx\/?p=42312"},"modified":"2023-06-27T12:41:34","modified_gmt":"2023-06-27T18:41:34","slug":"denuncian-falta-de-agua-y-aire-acondicionado-en-hospital-regional","status":"publish","type":"post","link":"https:\/\/encuentroinformativo.com.mx\/?p=42312","title":{"rendered":"Denuncian falta de agua y aire acondicionado en Hospital Regional"},"content":{"rendered":"\n<p><strong>Alejandro \u00c1vila<\/strong><\/p>\n\n\n\n<p>Veracruz, Ver.- La ma\u00f1ana de este martes familiares de pacientes del Hospital Regional de Veracruz denunciaron la falta de agua y aires acondicionados en el nosocomio, incluso expusieron que algunas \u00e1reas no cuentan con puertas.<\/p>\n\n\n\n<p>Los quejosos se\u00f1alaron que los pacientes se sienten inc\u00f3modos al interior del hospital, pues si afuera las altas temperaturas son un problema, dentro del nosocomio es insoportable su estancia.<\/p>\n\n\n\n<p>&#8220;Le tengo que comprar un ventilador, todos los pacientes han comprado. Tenemos con hoy 14 d\u00edas&#8221;, se\u00f1al\u00f3 el padre de un paciente quien pidi\u00f3 el anonimato.<\/p>\n\n\n\n<p>Los problemas en el Hospital Regional de Veracruz que en alg\u00fan momento fue nombrado de Alta Especialidad han sido constantes, pues aunado a la falta de aires acondicionados y el desabasto de agua, se suma la revisi\u00f3n que har\u00e1n las dependencias federales al sector salud de Veracruz en el mes de julio, donde se dice que el mencionado nosocomio no acreditar\u00e1 varias certificaciones.<\/p>\n\n\n\n<figure class=\"wp-block-image size-large\"><img loading=\"lazy\" decoding=\"async\" width=\"1024\" height=\"462\" src=\"https:\/\/encuentroinformativo.com.mx\/wp-content\/uploads\/2023\/06\/IMG-20230627-WA0021-1024x462.jpg\" alt=\"\" class=\"wp-image-42314\" srcset=\"https:\/\/encuentroinformativo.com.mx\/wp-content\/uploads\/2023\/06\/IMG-20230627-WA0021-1024x462.jpg 1024w, https:\/\/encuentroinformativo.com.mx\/wp-content\/uploads\/2023\/06\/IMG-20230627-WA0021-300x135.jpg 300w, https:\/\/encuentroinformativo.com.mx\/wp-content\/uploads\/2023\/06\/IMG-20230627-WA0021-768x346.jpg 768w, https:\/\/encuentroinformativo.com.mx\/wp-content\/uploads\/2023\/06\/IMG-20230627-WA0021.jpg 1156w\" sizes=\"auto, (max-width: 1024px) 100vw, 1024px\" \/><\/figure>\n","protected":false},"excerpt":{"rendered":"<p>Alejandro \u00c1vila Veracruz, Ver.- La ma\u00f1ana de este martes familiares de pacientes del Hospital Regional de Veracruz denunciaron la falta de agua y aires acondicionados en el nosocomio, incluso expusieron que algunas \u00e1reas no cuentan con puertas. Los quejosos se\u00f1alaron que los pacientes se sienten inc\u00f3modos al interior del hospital, pues si afuera las altas [&hellip;]<\/p>\n","protected":false},"author":2476,"featured_media":42313,"comment_status":"open","ping_status":"open","sticky":false,"template":"","format":"standard","meta":{"_jetpack_memberships_contains_paid_content":false,"footnotes":""},"categories":[9],"tags":[],"class_list":["post-42312","post","type-post","status-publish","format-standard","has-post-thumbnail","hentry","category-salud"],"jetpack_featured_media_url":"https:\/\/encuentroinformativo.com.mx\/wp-content\/uploads\/2023\/06\/IMG-20230627-WA0020.jpg","jetpack_sharing_enabled":true,"jetpack_likes_enabled":true,"amp_enabled":true,"_links":{"self":[{"href":"https:\/\/encuentroinformativo.com.mx\/index.php?rest_route=\/wp\/v2\/posts\/42312","targetHints":{"allow":["GET"]}}],"collection":[{"href":"https:\/\/encuentroinformativo.com.mx\/index.php?rest_route=\/wp\/v2\/posts"}],"about":[{"href":"https:\/\/encuentroinformativo.com.mx\/index.php?rest_route=\/wp\/v2\/types\/post"}],"author":[{"embeddable":true,"href":"https:\/\/encuentroinformativo.com.mx\/index.php?rest_route=\/wp\/v2\/users\/2476"}],"replies":[{"embeddable":true,"href":"https:\/\/encuentroinformativo.com.mx\/index.php?rest_route=%2Fwp%2Fv2%2Fcomments&post=42312"}],"version-history":[{"count":1,"href":"https:\/\/encuentroinformativo.com.mx\/index.php?rest_route=\/wp\/v2\/posts\/42312\/revisions"}],"predecessor-version":[{"id":42315,"href":"https:\/\/encuentroinformativo.com.mx\/index.php?rest_route=\/wp\/v2\/posts\/42312\/revisions\/42315"}],"wp:featuredmedia":[{"embeddable":true,"href":"https:\/\/encuentroinformativo.com.mx\/index.php?rest_route=\/wp\/v2\/media\/42313"}],"wp:attachment":[{"href":"https:\/\/encuentroinformativo.com.mx\/index.php?rest_route=%2Fwp%2Fv2%2Fmedia&parent=42312"}],"wp:term":[{"taxonomy":"category","embeddable":true,"href":"https:\/\/encuentroinformativo.com.mx\/index.php?rest_route=%2Fwp%2Fv2%2Fcategories&post=42312"},{"taxonomy":"post_tag","embeddable":true,"href":"https:\/\/encuentroinformativo.com.mx\/index.php?rest_route=%2Fwp%2Fv2%2Ftags&post=42312"}],"curies":[{"name":"wp","href":"https:\/\/api.w.org\/{rel}","templated":true}]}}