{"id":42319,"date":"2023-06-27T13:45:54","date_gmt":"2023-06-27T19:45:54","guid":{"rendered":"https:\/\/encuentroinformativo.com.mx\/?p=42319"},"modified":"2023-06-27T13:46:00","modified_gmt":"2023-06-27T19:46:00","slug":"pt-se-pronuncia-a-favor-de-cancelar-concesion-a-grupo-mas","status":"publish","type":"post","link":"https:\/\/encuentroinformativo.com.mx\/?p=42319","title":{"rendered":"PT se pronuncia a favor de cancelar concesi\u00f3n a Grupo MAS"},"content":{"rendered":"\n<p><strong>Dar\u00edo Pale <\/strong><\/p>\n\n\n\n<p>Xalapa, Ver.- El Congreso local debe cancelar concesi\u00f3n al Grupo Metropolitano de Agua y Saneamiento S.A.P.I. de C.V., (Grupo MAS), de manera definitiva, as\u00ed lo se\u00f1al\u00f3 el coordinador del Partido del Trabajo, Vicente Aguilar Aguilar, y pidi\u00f3 piso parejo para la pr\u00f3xima contienda electoral y que los funcionarios aspirantes renuncien a su cargo.<\/p>\n\n\n\n<p>En conferencia de prensa, dio a conocer que la empresa que otorga servicio de agua a Veracruz, Medell\u00edn y Boca del R\u00edo, no cuenta con certificados vigentes de calidad de agua para consumo humano.<\/p>\n\n\n\n<p>&#8220;Por lo tanto, el Congreso local debe revisar y realizar acciones pertinentes con el prop\u00f3sito de retirarles la concesi\u00f3n de manera definitiva a esa empresa&#8221;, se\u00f1al\u00f3.<\/p>\n\n\n\n<p>Hay que recordar que con base en un informe que se present\u00f3, tras un an\u00e1lisis que llevaron a cabo la Secretar\u00eda de Salud, a trav\u00e9s de la Direcci\u00f3n de Protecci\u00f3n contra Riesgos Sanitarios, y el \u00d3rgano de Fiscalizaci\u00f3n Superior (ORFIS); la empresa opera con diversas irregularidades, provocando da\u00f1o a la salud de los usuarios.<\/p>\n\n\n\n<p>Cuestionado respecto de las implicaciones econ\u00f3micas que traer\u00eda la cancelaci\u00f3n de la concesi\u00f3n, el l\u00edder del PT insisti\u00f3 en que se debe revisar primero el tema de la calidad del agua por la salud de los habitantes de la zona conurbada.<\/p>\n\n\n\n<p>&#8220;No estoy diciendo que falla el Congreso, lo que estoy diciendo es que revise lo que le compete al Congreso&#8221;, recalc\u00f3.<\/p>\n\n\n\n<p>Los diputados \u00a0iniciar\u00edan el proceso de ejecuci\u00f3n de las acciones legislativas y administrativas para lograr la extinci\u00f3n de la concesi\u00f3n de \u00a0Grupo MAS, ya que con base en el reporte que fue presentado por el diputado presidente de la Comisi\u00f3n de Agua Potable y Saneamiento, Fernando Arteaga Aponte, la Secretar\u00eda de Salud determin\u00f3 que la infraestructura hidr\u00e1ulica est\u00e1 en desuso, con maleza y en el abandono, lo que demuestra la nula realizaci\u00f3n de mantenimiento correctivo y mucho menos preventivo.<\/p>\n\n\n\n<p>Asimismo, que no existe un control del proceso de potabilizaci\u00f3n, hay que recordar que el Grupo MAS obtuvo el t\u00edtulo de concesi\u00f3n en el a\u00f1o 2016 para entrar en operaciones en el a\u00f1o 2017, por un plazo de 30 a\u00f1os.<\/p>\n\n\n\n<p>En otro orden de ideas el PT sugiri\u00f3 a los funcionarios que aspiren a un cargo para las elecciones de 2024 que renuncien a sus cargos.\u00a0<\/p>\n\n\n\n<p>Al respecto record\u00f3 que el gobernador ha declarado que actuar\u00e1 dentro del marco propuesto por la alianza \u201cJuntos Haremos Historia\u201d y por la defensa de la 4T.\u00a0<\/p>\n\n\n\n<p>&#8220;El proceso inicia dentro de dos meses y todos los actores pol\u00edticos reclaman piso parejo&#8221;.\u00a0<\/p>\n\n\n\n<p>Finalmente en ese contexto, indic\u00f3 que el PT junto con su militancia y simpatizantes ha iniciado las tareas de fortalecimiento del movimiento de la Cuarta Transformaci\u00f3n &#8220;motivado con la presencia de nuestro aspirante a coordinador de la defensa del movimiento&#8221;.\u00a0<\/p>\n","protected":false},"excerpt":{"rendered":"<p>Dar\u00edo Pale Xalapa, Ver.- El Congreso local debe cancelar concesi\u00f3n al Grupo Metropolitano de Agua y Saneamiento S.A.P.I. de C.V., (Grupo MAS), de manera definitiva, as\u00ed lo se\u00f1al\u00f3 el coordinador del Partido del Trabajo, Vicente Aguilar Aguilar, y pidi\u00f3 piso parejo para la pr\u00f3xima contienda electoral y que los funcionarios aspirantes renuncien a su cargo. [&hellip;]<\/p>\n","protected":false},"author":2476,"featured_media":42320,"comment_status":"open","ping_status":"open","sticky":false,"template":"","format":"standard","meta":{"_jetpack_memberships_contains_paid_content":false,"footnotes":""},"categories":[2],"tags":[],"class_list":["post-42319","post","type-post","status-publish","format-standard","has-post-thumbnail","hentry","category-estado"],"jetpack_featured_media_url":"https:\/\/encuentroinformativo.com.mx\/wp-content\/uploads\/2023\/06\/IMG-20230627-WA0039.jpg","jetpack_sharing_enabled":true,"jetpack_likes_enabled":true,"amp_enabled":true,"_links":{"self":[{"href":"https:\/\/encuentroinformativo.com.mx\/index.php?rest_route=\/wp\/v2\/posts\/42319","targetHints":{"allow":["GET"]}}],"collection":[{"href":"https:\/\/encuentroinformativo.com.mx\/index.php?rest_route=\/wp\/v2\/posts"}],"about":[{"href":"https:\/\/encuentroinformativo.com.mx\/index.php?rest_route=\/wp\/v2\/types\/post"}],"author":[{"embeddable":true,"href":"https:\/\/encuentroinformativo.com.mx\/index.php?rest_route=\/wp\/v2\/users\/2476"}],"replies":[{"embeddable":true,"href":"https:\/\/encuentroinformativo.com.mx\/index.php?rest_route=%2Fwp%2Fv2%2Fcomments&post=42319"}],"version-history":[{"count":1,"href":"https:\/\/encuentroinformativo.com.mx\/index.php?rest_route=\/wp\/v2\/posts\/42319\/revisions"}],"predecessor-version":[{"id":42321,"href":"https:\/\/encuentroinformativo.com.mx\/index.php?rest_route=\/wp\/v2\/posts\/42319\/revisions\/42321"}],"wp:featuredmedia":[{"embeddable":true,"href":"https:\/\/encuentroinformativo.com.mx\/index.php?rest_route=\/wp\/v2\/media\/42320"}],"wp:attachment":[{"href":"https:\/\/encuentroinformativo.com.mx\/index.php?rest_route=%2Fwp%2Fv2%2Fmedia&parent=42319"}],"wp:term":[{"taxonomy":"category","embeddable":true,"href":"https:\/\/encuentroinformativo.com.mx\/index.php?rest_route=%2Fwp%2Fv2%2Fcategories&post=42319"},{"taxonomy":"post_tag","embeddable":true,"href":"https:\/\/encuentroinformativo.com.mx\/index.php?rest_route=%2Fwp%2Fv2%2Ftags&post=42319"}],"curies":[{"name":"wp","href":"https:\/\/api.w.org\/{rel}","templated":true}]}}