{"id":42322,"date":"2023-06-27T15:06:17","date_gmt":"2023-06-27T21:06:17","guid":{"rendered":"https:\/\/encuentroinformativo.com.mx\/?p=42322"},"modified":"2023-06-27T15:06:21","modified_gmt":"2023-06-27T21:06:21","slug":"invitan-a-feria-nacional-del-libro","status":"publish","type":"post","link":"https:\/\/encuentroinformativo.com.mx\/?p=42322","title":{"rendered":"Invitan a Feria Nacional del Libro"},"content":{"rendered":"\n<p><strong>Dar\u00edo Pale <\/strong><\/p>\n\n\n\n<p>Xalapa, Ver.- La directora del Instituto Veracruzano de la Cultura (IVEC), Silvia Alejandre Prado llevo a cabo la presentaci\u00f3n de la trig\u00e9simo tercera edici\u00f3n de la Feria Nacional del Libro Infantil y Juvenil la cual se llevar\u00e1 a cabo en Xalapa y el Puerto de Veracruz, en el marco del a\u00f1o internacional del di\u00e1logo como garant\u00eda de paz.\u00a0<\/p>\n\n\n\n<p>En conferencia de prensa detall\u00f3 que en el caso de la capital del estado, la feria se llevar\u00e1 a cabo del 21 al 30 de julio en las instalaciones del Colegio Preparatorio de Xalapa.\u00a0<\/p>\n\n\n\n<p>Mientras que las actividades en Veracruz se desarrollar\u00e1n del 30 de agosto al 3 de septiembre en las instalaciones del exconvento Betlemita, ubicado en el centro hist\u00f3rico de la ciudad.\u00a0<\/p>\n\n\n\n<p>La Feria del Libro Infantil y Juvenil contar\u00e1 con presentaciones, 38 talleres, exposiciones, conferencias, venta de libros y entrega de reconocimientos a diferentes personalidades, entre los que destacan gestores y promotores culturales.\u00a0<\/p>\n\n\n\n<p>As\u00ed como un amplio literario y un programa art\u00edstico con los cuales los organizadores esperan la asistencia de m\u00e1s de 40 mil visitantes durante los diez d\u00edas de actividades.<\/p>\n\n\n\n<p>La directora del IVEC destac\u00f3 la importancia de impulsar el fomento a la lectura en este evento, acercando los libros especialmente a las infancias y j\u00f3venes de Veracruz.\u00a0<\/p>\n\n\n\n<p>Finalmente se\u00f1al\u00f3 que el acceso a la Feria del Libro ser\u00e1 totalmente gratuita y el horario en el que se desarrollar\u00e1 ser\u00e1 de 11 de la ma\u00f1ana a nueve de la noche.<\/p>\n","protected":false},"excerpt":{"rendered":"<p>Dar\u00edo Pale Xalapa, Ver.- La directora del Instituto Veracruzano de la Cultura (IVEC), Silvia Alejandre Prado llevo a cabo la presentaci\u00f3n de la trig\u00e9simo tercera edici\u00f3n de la Feria Nacional del Libro Infantil y Juvenil la cual se llevar\u00e1 a cabo en Xalapa y el Puerto de Veracruz, en el marco del a\u00f1o internacional del [&hellip;]<\/p>\n","protected":false},"author":2476,"featured_media":42323,"comment_status":"open","ping_status":"open","sticky":false,"template":"","format":"standard","meta":{"_jetpack_memberships_contains_paid_content":false,"footnotes":""},"categories":[3],"tags":[],"class_list":["post-42322","post","type-post","status-publish","format-standard","has-post-thumbnail","hentry","category-xalapa"],"jetpack_featured_media_url":"https:\/\/encuentroinformativo.com.mx\/wp-content\/uploads\/2023\/06\/Photo_1687897622486.jpg","jetpack_sharing_enabled":true,"jetpack_likes_enabled":true,"amp_enabled":true,"_links":{"self":[{"href":"https:\/\/encuentroinformativo.com.mx\/index.php?rest_route=\/wp\/v2\/posts\/42322","targetHints":{"allow":["GET"]}}],"collection":[{"href":"https:\/\/encuentroinformativo.com.mx\/index.php?rest_route=\/wp\/v2\/posts"}],"about":[{"href":"https:\/\/encuentroinformativo.com.mx\/index.php?rest_route=\/wp\/v2\/types\/post"}],"author":[{"embeddable":true,"href":"https:\/\/encuentroinformativo.com.mx\/index.php?rest_route=\/wp\/v2\/users\/2476"}],"replies":[{"embeddable":true,"href":"https:\/\/encuentroinformativo.com.mx\/index.php?rest_route=%2Fwp%2Fv2%2Fcomments&post=42322"}],"version-history":[{"count":1,"href":"https:\/\/encuentroinformativo.com.mx\/index.php?rest_route=\/wp\/v2\/posts\/42322\/revisions"}],"predecessor-version":[{"id":42324,"href":"https:\/\/encuentroinformativo.com.mx\/index.php?rest_route=\/wp\/v2\/posts\/42322\/revisions\/42324"}],"wp:featuredmedia":[{"embeddable":true,"href":"https:\/\/encuentroinformativo.com.mx\/index.php?rest_route=\/wp\/v2\/media\/42323"}],"wp:attachment":[{"href":"https:\/\/encuentroinformativo.com.mx\/index.php?rest_route=%2Fwp%2Fv2%2Fmedia&parent=42322"}],"wp:term":[{"taxonomy":"category","embeddable":true,"href":"https:\/\/encuentroinformativo.com.mx\/index.php?rest_route=%2Fwp%2Fv2%2Fcategories&post=42322"},{"taxonomy":"post_tag","embeddable":true,"href":"https:\/\/encuentroinformativo.com.mx\/index.php?rest_route=%2Fwp%2Fv2%2Ftags&post=42322"}],"curies":[{"name":"wp","href":"https:\/\/api.w.org\/{rel}","templated":true}]}}