{"id":42325,"date":"2023-06-27T15:09:40","date_gmt":"2023-06-27T21:09:40","guid":{"rendered":"https:\/\/encuentroinformativo.com.mx\/?p=42325"},"modified":"2023-06-27T15:09:45","modified_gmt":"2023-06-27T21:09:45","slug":"aclaran-autoridades-costo-de-gradas-para-carnaval","status":"publish","type":"post","link":"https:\/\/encuentroinformativo.com.mx\/?p=42325","title":{"rendered":"Aclaran autoridades costo de gradas para Carnaval"},"content":{"rendered":"\n<p><strong>Alejandro \u00c1vila<\/strong><\/p>\n\n\n\n<p>Veracruz, Ver.- En rueda de prensa, el presidente del Comit\u00e9 de Carnaval, Luis Antonio P\u00e9rez Fraga, desminti\u00f3 el presunto aumento en el costo de las gradas para los desfiles, como publicaron algunas personas en redes sociales.<\/p>\n\n\n\n<p>El &#8220;Pollo&#8221; recalc\u00f3 que el costo de las gradas para los desfiles de Carnaval ser\u00e1 de 100 pesos los d\u00edas s\u00e1bado y domingo, mientras que 30 pesos costat\u00e1 los d\u00edas lunes y martes; aclarando as\u00ed que no existe ning\u00fan desfile gratuito.<\/p>\n\n\n\n<p>El funcionario municipal exhort\u00f3 a la ciudadan\u00eda a denunciar a cualquier persona que eleve los precios antes mencionados.<\/p>\n\n\n\n<p>\u201cHa habido confusi\u00f3n que, si va a costar 40, que si el lunes era gratis, y no. El precio es s\u00e1bado y domingo 100 pesos, lunes y martes 30 pesos, se suspende el paseo de la ma\u00f1ana ya que todos saben el sol como ha estado en estos d\u00edas y no queremos arriesgar a la gente con golpes de calor (\u2026) 30 pesos es un precio muy m\u00f3dico a como ha estado la inflaci\u00f3n y es un precio m\u00f3dico y no gravoso\u201d, indic\u00f3.&nbsp;&nbsp;<\/p>\n\n\n\n<p>Se estima que los desfiles duren tres horas y media como m\u00e1ximo, iniciar\u00e1n en punto de las 7 de la noche y para dar agilidad al paseo, se redujo tanto el n\u00famero de carros aleg\u00f3ricos como comparsas y batucadas.&nbsp;<\/p>\n\n\n\n<p>Ser\u00e1n 25 carros aleg\u00f3ricos y 52 contingentes, adem\u00e1s habr\u00e1 4 figuras monumentales.&nbsp;<\/p>\n\n\n\n<p>\u201cLos paseos van a empezar en punto de las 7 de la noche, redujimos el convoy de 39 carros el a\u00f1o pasado a 25, tal vez sean 26 m\u00e1ximo este a\u00f1o, esto nos permite 13 carros menos y las asociaciones de comparsas, bastoneras y batucadas pasan de 74 a 52, esto es con la intenci\u00f3n de reducir m\u00e1s el convoy y que no haya paseos de 5 horas, si no de 3 horas y media m\u00e1ximo para que sea menos aburrido y exponer menos al p\u00fablico asistente al alcohol, a las bebidas embriagantes\u201d.&nbsp;<\/p>\n\n\n\n<p>Advirti\u00f3 que no se permitir\u00e1 ingresar neveras con bebidas alcoh\u00f3licas y solo est\u00e1 autorizada la venta de cerveza; las actividades del Carnaval inician el 29 de junio con la Quema del Mal Humor, el 1 de julio es el primer paseo.<\/p>\n","protected":false},"excerpt":{"rendered":"<p>Alejandro \u00c1vila Veracruz, Ver.- En rueda de prensa, el presidente del Comit\u00e9 de Carnaval, Luis Antonio P\u00e9rez Fraga, desminti\u00f3 el presunto aumento en el costo de las gradas para los desfiles, como publicaron algunas personas en redes sociales. El &#8220;Pollo&#8221; recalc\u00f3 que el costo de las gradas para los desfiles de Carnaval ser\u00e1 de 100 [&hellip;]<\/p>\n","protected":false},"author":2476,"featured_media":42326,"comment_status":"open","ping_status":"open","sticky":false,"template":"","format":"standard","meta":{"_jetpack_memberships_contains_paid_content":false,"footnotes":""},"categories":[2],"tags":[],"class_list":["post-42325","post","type-post","status-publish","format-standard","has-post-thumbnail","hentry","category-estado"],"jetpack_featured_media_url":"https:\/\/encuentroinformativo.com.mx\/wp-content\/uploads\/2023\/06\/IMG-20230627-WA0088.jpg","jetpack_sharing_enabled":true,"jetpack_likes_enabled":true,"amp_enabled":true,"_links":{"self":[{"href":"https:\/\/encuentroinformativo.com.mx\/index.php?rest_route=\/wp\/v2\/posts\/42325","targetHints":{"allow":["GET"]}}],"collection":[{"href":"https:\/\/encuentroinformativo.com.mx\/index.php?rest_route=\/wp\/v2\/posts"}],"about":[{"href":"https:\/\/encuentroinformativo.com.mx\/index.php?rest_route=\/wp\/v2\/types\/post"}],"author":[{"embeddable":true,"href":"https:\/\/encuentroinformativo.com.mx\/index.php?rest_route=\/wp\/v2\/users\/2476"}],"replies":[{"embeddable":true,"href":"https:\/\/encuentroinformativo.com.mx\/index.php?rest_route=%2Fwp%2Fv2%2Fcomments&post=42325"}],"version-history":[{"count":1,"href":"https:\/\/encuentroinformativo.com.mx\/index.php?rest_route=\/wp\/v2\/posts\/42325\/revisions"}],"predecessor-version":[{"id":42327,"href":"https:\/\/encuentroinformativo.com.mx\/index.php?rest_route=\/wp\/v2\/posts\/42325\/revisions\/42327"}],"wp:featuredmedia":[{"embeddable":true,"href":"https:\/\/encuentroinformativo.com.mx\/index.php?rest_route=\/wp\/v2\/media\/42326"}],"wp:attachment":[{"href":"https:\/\/encuentroinformativo.com.mx\/index.php?rest_route=%2Fwp%2Fv2%2Fmedia&parent=42325"}],"wp:term":[{"taxonomy":"category","embeddable":true,"href":"https:\/\/encuentroinformativo.com.mx\/index.php?rest_route=%2Fwp%2Fv2%2Fcategories&post=42325"},{"taxonomy":"post_tag","embeddable":true,"href":"https:\/\/encuentroinformativo.com.mx\/index.php?rest_route=%2Fwp%2Fv2%2Ftags&post=42325"}],"curies":[{"name":"wp","href":"https:\/\/api.w.org\/{rel}","templated":true}]}}