{"id":42328,"date":"2023-06-27T15:22:39","date_gmt":"2023-06-27T21:22:39","guid":{"rendered":"https:\/\/encuentroinformativo.com.mx\/?p=42328"},"modified":"2023-06-27T15:22:44","modified_gmt":"2023-06-27T21:22:44","slug":"siguen-en-activo-policias-que-agredieron-a-pareja-de-la-comunidad-lgbtq","status":"publish","type":"post","link":"https:\/\/encuentroinformativo.com.mx\/?p=42328","title":{"rendered":"Siguen en activo polic\u00edas que agredieron a pareja de la comunidad LGBTQ+"},"content":{"rendered":"\n<p><strong>Alejandro \u00c1vila<\/strong><\/p>\n\n\n\n<p>Veracruz, Ver.- Los elementos de la Polic\u00eda Estatal que agredieron a una pareja de la comunidad LGBTQ+ el pasado 19 de mayo, contin\u00faan en activo, denunci\u00f3 Felipe Isa\u00edas Chi\u00f1as, uno de los agredidos.<\/p>\n\n\n\n<p>Los uniformados, se\u00f1al\u00f3, solo fueron cambiados de patrulla y circulan en otra zona del municipio de Veracruz, sin que hasta el momento se les haya reprendido de alguna manera por sus actos homof\u00f3bicos.<\/p>\n\n\n\n<p>Al respecto de la denuncia que interpusieron ante la Fiscal\u00eda General del Estado de Veracruz, dijo que se encuentran todav\u00eda a la espera de la primera audiencia, pues hasta donde les han informado, la carpeta de investigaci\u00f3n solo lleva un 90 por ciento de avance.<\/p>\n\n\n\n<p>&nbsp;\u201cEstamos esperando un 10 por ciento m\u00e1s para que se haga la primera audiencia y se haga justicia, por el momento est\u00e1 detenida la carpeta en un 90 por ciento (\u2026) ya las unidades siguen, lo que no siguen son los mismos elementos, ya los cambiaron, estamos esperando la primera audiencia, ellos siguen laborando ya me los he topado, pero cambiaron la patrulla&#8221;, dijo.&nbsp;<\/p>\n\n\n\n<p>Felipe Isa\u00edas, dijo que \u00e9l y su esposo, Rey David, han ido superando poco a poco esta agresi\u00f3n que sufrieron por su orientaci\u00f3n sexual. Sin embargo, toman m\u00e1s precauciones cada vez que van a visitar a sus familiares cerca del Eje Intercolonias, donde sucedi\u00f3 la agresi\u00f3n el pasado mes de mayo.<\/p>\n\n\n\n<p>\u201cEstamos m\u00e1s tranquilos, estamos en una lucha porque se haga justicia ahorita para nosotros y en un futuro para la sociedad tambi\u00e9n. Ya todo lo legal ya est\u00e1 estamos esperando el reporte de la Fiscal\u00eda\u201d.&nbsp;<\/p>\n\n\n\n<p>Es de mencionar que Felipe Isa\u00edas Chi\u00f1as, ser\u00e1 coronado el pr\u00f3ximo 16 de julio como Rey de la comunidad LGBTQ+.<\/p>\n","protected":false},"excerpt":{"rendered":"<p>Alejandro \u00c1vila Veracruz, Ver.- Los elementos de la Polic\u00eda Estatal que agredieron a una pareja de la comunidad LGBTQ+ el pasado 19 de mayo, contin\u00faan en activo, denunci\u00f3 Felipe Isa\u00edas Chi\u00f1as, uno de los agredidos. Los uniformados, se\u00f1al\u00f3, solo fueron cambiados de patrulla y circulan en otra zona del municipio de Veracruz, sin que hasta [&hellip;]<\/p>\n","protected":false},"author":2476,"featured_media":42329,"comment_status":"open","ping_status":"open","sticky":false,"template":"","format":"standard","meta":{"_jetpack_memberships_contains_paid_content":false,"footnotes":""},"categories":[2],"tags":[],"class_list":["post-42328","post","type-post","status-publish","format-standard","has-post-thumbnail","hentry","category-estado"],"jetpack_featured_media_url":"https:\/\/encuentroinformativo.com.mx\/wp-content\/uploads\/2023\/06\/IMG-20230627-WA0047.jpg","jetpack_sharing_enabled":true,"jetpack_likes_enabled":true,"amp_enabled":true,"_links":{"self":[{"href":"https:\/\/encuentroinformativo.com.mx\/index.php?rest_route=\/wp\/v2\/posts\/42328","targetHints":{"allow":["GET"]}}],"collection":[{"href":"https:\/\/encuentroinformativo.com.mx\/index.php?rest_route=\/wp\/v2\/posts"}],"about":[{"href":"https:\/\/encuentroinformativo.com.mx\/index.php?rest_route=\/wp\/v2\/types\/post"}],"author":[{"embeddable":true,"href":"https:\/\/encuentroinformativo.com.mx\/index.php?rest_route=\/wp\/v2\/users\/2476"}],"replies":[{"embeddable":true,"href":"https:\/\/encuentroinformativo.com.mx\/index.php?rest_route=%2Fwp%2Fv2%2Fcomments&post=42328"}],"version-history":[{"count":1,"href":"https:\/\/encuentroinformativo.com.mx\/index.php?rest_route=\/wp\/v2\/posts\/42328\/revisions"}],"predecessor-version":[{"id":42330,"href":"https:\/\/encuentroinformativo.com.mx\/index.php?rest_route=\/wp\/v2\/posts\/42328\/revisions\/42330"}],"wp:featuredmedia":[{"embeddable":true,"href":"https:\/\/encuentroinformativo.com.mx\/index.php?rest_route=\/wp\/v2\/media\/42329"}],"wp:attachment":[{"href":"https:\/\/encuentroinformativo.com.mx\/index.php?rest_route=%2Fwp%2Fv2%2Fmedia&parent=42328"}],"wp:term":[{"taxonomy":"category","embeddable":true,"href":"https:\/\/encuentroinformativo.com.mx\/index.php?rest_route=%2Fwp%2Fv2%2Fcategories&post=42328"},{"taxonomy":"post_tag","embeddable":true,"href":"https:\/\/encuentroinformativo.com.mx\/index.php?rest_route=%2Fwp%2Fv2%2Ftags&post=42328"}],"curies":[{"name":"wp","href":"https:\/\/api.w.org\/{rel}","templated":true}]}}