{"id":4233,"date":"2020-07-20T09:45:54","date_gmt":"2020-07-20T14:45:54","guid":{"rendered":"https:\/\/encuentroinformativo.com\/?p=4233"},"modified":"2020-07-20T02:38:55","modified_gmt":"2020-07-20T07:38:55","slug":"pide-ahued-no-politizar-reclasificacion-de-tarifas-electricas","status":"publish","type":"post","link":"https:\/\/encuentroinformativo.com.mx\/?p=4233","title":{"rendered":"Pide Ahued no politizar reclasificaci\u00f3n de tarifas el\u00e9ctricas"},"content":{"rendered":"\n<p><strong>Elisa Aburto\u00a0<\/strong><\/p>\n\n\n\n<p>Xalapa, Ver.- El senador Ricardo Ahued Bardahuil afirm\u00f3 que seguir\u00e1 pugnando por la reclasificaci\u00f3n de tarifas el\u00e9ctricas para Veracruz, debido a que a pesar de contar con la central nucleoel\u00e9ctrica de Laguna Verde los municipios veracruzanos cuentan con las tarifas m\u00e1s altas.<\/p>\n\n\n\n<p>En entrevista el legislador record\u00f3 que se trata de un tema que ha llevado a la c\u00e1mara alta desde el a\u00f1o pasado sin que al momento se haya logrado concretar la reclasificaci\u00f3n solicitada.\u00a0<\/p>\n\n\n\n<div class=\"wp-block-image\"><figure class=\"alignright size-large is-resized\"><img loading=\"lazy\" decoding=\"async\" src=\"https:\/\/encuentroinformativo.com.mx\/wp-content\/uploads\/2020\/07\/387A8B6A-9CFB-47AE-8637-A2B0EF77D995-1024x750.jpeg\" alt=\"\" class=\"wp-image-4231\" width=\"342\" height=\"250\" srcset=\"https:\/\/encuentroinformativo.com.mx\/wp-content\/uploads\/2020\/07\/387A8B6A-9CFB-47AE-8637-A2B0EF77D995-1024x750.jpeg 1024w, https:\/\/encuentroinformativo.com.mx\/wp-content\/uploads\/2020\/07\/387A8B6A-9CFB-47AE-8637-A2B0EF77D995-300x220.jpeg 300w, https:\/\/encuentroinformativo.com.mx\/wp-content\/uploads\/2020\/07\/387A8B6A-9CFB-47AE-8637-A2B0EF77D995-768x563.jpeg 768w, https:\/\/encuentroinformativo.com.mx\/wp-content\/uploads\/2020\/07\/387A8B6A-9CFB-47AE-8637-A2B0EF77D995-420x307.jpeg 420w, https:\/\/encuentroinformativo.com.mx\/wp-content\/uploads\/2020\/07\/387A8B6A-9CFB-47AE-8637-A2B0EF77D995.jpeg 1280w\" sizes=\"auto, (max-width: 342px) 100vw, 342px\" \/><figcaption>Ricardo Ahued, senador. <\/figcaption><\/figure><\/div>\n\n\n\n<p>\u201cEl tema de la energ\u00eda el\u00e9ctrica es un desorden tarifario nacional, espectacular\u2026 me parece que es anticonstitucional el nivel tarifario en todo el pa\u00eds, no puede ser que Xalapa, Banderilla, Naolinco tienen de las tarifas m\u00e1s altas en todo el pa\u00eds\u201d.&nbsp;<\/p>\n\n\n\n<p>A Veracruz le dieron un trato desigual, y no es cuesti\u00f3n de politizar el tema como empiezo a ver que est\u00e1 pasando, enfatiz\u00f3.<\/p>\n\n\n\n<p>Y es que Ahued Bardahuil record\u00f3 que M\u00e9rida y Tabasco han logrado contar con las tarifas m\u00e1s econ\u00f3micas a diferencia de los municipios del territorio veracruzano, por lo que consider\u00f3 que es necesario que legisladores de los distintos partidos pol\u00edticos sumen esfuerzos para lograr resultados favorables en la disminuci\u00f3n del costo de las tarifas de energ\u00eda el\u00e9ctrica.<\/p>\n\n\n\n<p>\u201cAqu\u00ed no importa de qu\u00e9 partido, legisladores del PRI, PAN, Movimiento Ciudadano, de todos, deber\u00edamos de tener una reuni\u00f3n para tratar el tema de Veracruz y no politizarlo, porque ya hay quien trae su grupito de un partido o de otro\u2026 Lo que s\u00ed es importante es que exijamos a la Comisi\u00f3n Federal de Electricidad que analice y se d\u00e9 una respuesta urgente\u201d.<\/p>\n\n\n\n<p>Finalmente el senador por Veracruz, record\u00f3 que hace varios meses sostuvieron reuniones con autoridades de CFE y en las cuales participaron senadores de Morena y diputados locales, como Mar\u00eda Esther L\u00f3pez Callejas, sin embargo, contin\u00faan sin recibir respuestas y avances a sus solicitudes para disminuir el costo de la energ\u00eda el\u00e9ctrica para los veracruzanos.\u00a0<\/p>\n\n\n\n<figure class=\"wp-block-image size-large\"><img loading=\"lazy\" decoding=\"async\" width=\"1024\" height=\"829\" src=\"https:\/\/encuentroinformativo.com.mx\/wp-content\/uploads\/2020\/07\/6B127E84-B929-4EF0-A062-31901BDE26A1-1024x829.jpeg\" alt=\"\" class=\"wp-image-4230\" srcset=\"https:\/\/encuentroinformativo.com.mx\/wp-content\/uploads\/2020\/07\/6B127E84-B929-4EF0-A062-31901BDE26A1-1024x829.jpeg 1024w, https:\/\/encuentroinformativo.com.mx\/wp-content\/uploads\/2020\/07\/6B127E84-B929-4EF0-A062-31901BDE26A1-300x243.jpeg 300w, https:\/\/encuentroinformativo.com.mx\/wp-content\/uploads\/2020\/07\/6B127E84-B929-4EF0-A062-31901BDE26A1-768x622.jpeg 768w, https:\/\/encuentroinformativo.com.mx\/wp-content\/uploads\/2020\/07\/6B127E84-B929-4EF0-A062-31901BDE26A1.jpeg 1280w\" sizes=\"auto, (max-width: 1024px) 100vw, 1024px\" \/><\/figure>\n\n\n\n<p><\/p>\n","protected":false},"excerpt":{"rendered":"<p>Elisa Aburto\u00a0 Xalapa, Ver.- El senador Ricardo Ahued Bardahuil afirm\u00f3 que seguir\u00e1 pugnando por la reclasificaci\u00f3n de tarifas el\u00e9ctricas para Veracruz, debido a que a pesar de contar con la central nucleoel\u00e9ctrica de Laguna Verde los municipios veracruzanos cuentan con las tarifas m\u00e1s altas. En entrevista el legislador record\u00f3 que se trata de un tema [&hellip;]<\/p>\n","protected":false},"author":1,"featured_media":4230,"comment_status":"open","ping_status":"open","sticky":false,"template":"","format":"standard","meta":{"_jetpack_memberships_contains_paid_content":false,"footnotes":""},"categories":[2],"tags":[],"class_list":["post-4233","post","type-post","status-publish","format-standard","has-post-thumbnail","hentry","category-estado"],"jetpack_featured_media_url":"https:\/\/encuentroinformativo.com.mx\/wp-content\/uploads\/2020\/07\/6B127E84-B929-4EF0-A062-31901BDE26A1.jpeg","jetpack_sharing_enabled":true,"jetpack_likes_enabled":true,"amp_enabled":true,"_links":{"self":[{"href":"https:\/\/encuentroinformativo.com.mx\/index.php?rest_route=\/wp\/v2\/posts\/4233","targetHints":{"allow":["GET"]}}],"collection":[{"href":"https:\/\/encuentroinformativo.com.mx\/index.php?rest_route=\/wp\/v2\/posts"}],"about":[{"href":"https:\/\/encuentroinformativo.com.mx\/index.php?rest_route=\/wp\/v2\/types\/post"}],"author":[{"embeddable":true,"href":"https:\/\/encuentroinformativo.com.mx\/index.php?rest_route=\/wp\/v2\/users\/1"}],"replies":[{"embeddable":true,"href":"https:\/\/encuentroinformativo.com.mx\/index.php?rest_route=%2Fwp%2Fv2%2Fcomments&post=4233"}],"version-history":[{"count":2,"href":"https:\/\/encuentroinformativo.com.mx\/index.php?rest_route=\/wp\/v2\/posts\/4233\/revisions"}],"predecessor-version":[{"id":4235,"href":"https:\/\/encuentroinformativo.com.mx\/index.php?rest_route=\/wp\/v2\/posts\/4233\/revisions\/4235"}],"wp:featuredmedia":[{"embeddable":true,"href":"https:\/\/encuentroinformativo.com.mx\/index.php?rest_route=\/wp\/v2\/media\/4230"}],"wp:attachment":[{"href":"https:\/\/encuentroinformativo.com.mx\/index.php?rest_route=%2Fwp%2Fv2%2Fmedia&parent=4233"}],"wp:term":[{"taxonomy":"category","embeddable":true,"href":"https:\/\/encuentroinformativo.com.mx\/index.php?rest_route=%2Fwp%2Fv2%2Fcategories&post=4233"},{"taxonomy":"post_tag","embeddable":true,"href":"https:\/\/encuentroinformativo.com.mx\/index.php?rest_route=%2Fwp%2Fv2%2Ftags&post=4233"}],"curies":[{"name":"wp","href":"https:\/\/api.w.org\/{rel}","templated":true}]}}