{"id":42336,"date":"2023-06-28T09:45:12","date_gmt":"2023-06-28T15:45:12","guid":{"rendered":"https:\/\/encuentroinformativo.com.mx\/?p=42336"},"modified":"2023-06-28T09:45:18","modified_gmt":"2023-06-28T15:45:18","slug":"es-claudia-y-es-chio","status":"publish","type":"post","link":"https:\/\/encuentroinformativo.com.mx\/?p=42336","title":{"rendered":"\u00a1ES CLAUDIA Y ES CH\u00cdO!"},"content":{"rendered":"\n<p><strong>Los Pol\u00edticos<\/strong><\/p>\n\n\n\n<p><strong>Salvador Mu\u00f1oz<\/strong><\/p>\n\n\n\n<p>Entre los morenos as\u00ed como en la oposici\u00f3n y ciudadanos de a pie que gustan del teje y maneje de la pol\u00edtica, hay una certeza: quien ha de contender por Morena este 2024 por la Gubernatura de Veracruz, es Roc\u00edo Nahle. Hoy, en este momento, ella es la candidata. Es como un plano similar a lo que ocurre en t\u00e9rminos \u201cSheinbaumianos\u201d: \u00a1Es Claudia! y \u00a1Es Ch\u00edo!<\/p>\n\n\n\n<p>Para el caso de la ex Jefa de la Ciudad de M\u00e9xico, se hizo este show de la elecci\u00f3n del Coordinador Nacional de los Comit\u00e9s de la Defensa de la Cuarta Transformaci\u00f3n para de cierto modo, darle legitimidad y democracia a su \u201cdesignaci\u00f3n\u201d y \u201cresignaci\u00f3n\u201d al resto de los contendientes y por otro lado, aprovechar el escenario para que el Presidente haga uso de sus chistoretes ma\u00f1aneros argumentando que en Morena ya no hay Dedazo\u2026 ahora es \u201cLo que diga mi dedito\u201d&#8230;<\/p>\n\n\n\n<p>En el caso de Roc\u00edo Nahle han de legitimar su asunto, dicen, v\u00eda encuestas entre los morenos y hasta este momento, la forma m\u00e1s democr\u00e1tica de hacerlo, es que haya dos o tres suspirantes m\u00e1s que ella, para quitar cualquier cochina idea de que hay \u201cDedazo\u201d para Nahle\u2026<\/p>\n\n\n\n<p>Se insiste\u2026 hasta este momento, hoy, en lo que respecta para la grande y para la entidad, Es Claudia y es Ch\u00edo!<\/p>\n\n\n\n<p>\u00bfPuede algo cambiar el esquema para los morenos?<\/p>\n\n\n\n<p>S\u00ed, el mismo que gener\u00f3 los dados cargados tanto para una como para la otra\u2026 el Presidente L\u00f3pez Obrador.<\/p>\n\n\n\n<p>\u00bfPor qu\u00e9?<\/p>\n\n\n\n<p>La estrategia pol\u00edtica con la que juega el tabasque\u00f1o es absolutista, egocentrista, a veces pareciera con tintes hasta \u201cneronistas\u201d y bastar\u00eda con ver qui\u00e9nes est\u00e1n en la pugna por ocupar ese membrete sacado de la manga por el Presidente: Coordinador Nacional de los Comit\u00e9s de la Defensa de la Cuarta Transformaci\u00f3n.<\/p>\n\n\n\n<p>Por un lado, se tiene a la hasta hace poco Jefa de Gobierno de la Ciudad de M\u00e9xico; vamos, la responsable del coraz\u00f3n del pa\u00eds, el punto neur\u00e1lgico de la vida de la naci\u00f3n\u2026 la capital, pues.<\/p>\n\n\n\n<p>Por otro lado, tenemos a Marcelo Ebrard Casaub\u00f3n, hasta hace poco el Canciller de M\u00e9xico; el hombre-relaci\u00f3n con el mundo; nuestra carta de presentaci\u00f3n allende la frontera; el negociador internacional\u2026<\/p>\n\n\n\n<p>Luego tenemos a Ricardo Monreal, que se quiera o no, su papel en el Senado fue un punto de equilibrio tanto para el Presidente como para la Oposici\u00f3n\u2026<\/p>\n\n\n\n<p>Ad\u00e1n Augusto L\u00f3pez Hern\u00e1ndez, el que era el secretario de Gobernaci\u00f3n, el Dos en el Poder de M\u00e9xico; la pol\u00edtica de guante blanco o guante de box, seg\u00fan ameritara\u2026<\/p>\n\n\n\n<p>Y bajo el riesgo de que el resto se encabrone, con el respeto que se merece Gerardo Fern\u00e1ndez Noro\u00f1a y Manuel Velasco Coello, no tienen la misma intensidad que los anteriores en el ejercicio pol\u00edtico que nos ocupa.<\/p>\n\n\n\n<p>Al obligar a salir L\u00f3pez Obrador a estos cuatro personajes que dan ritmo, vigor, fuerza, a la vida pol\u00edtica del pa\u00eds, es como si de golpe y porrazo dejara el tronco sin miembros\u2026<\/p>\n\n\n\n<p>\u00bfY creen que eso le import\u00f3 al \u201cneronismo\u201d de AMLO? \u00a1No! En lo absoluto, porque quiz\u00e1s una de las ideas b\u00e1sicas de su estratagema pol\u00edtica, cumpli\u00f3: nuevamente, llevar la agenda, marcar la pauta, llevar el ritmo de la vida pol\u00edtica del pa\u00eds\u2026 \u00e9l solo, el hombre orquesta\u2026<\/p>\n\n\n\n<p>Entonces, si de un madrazo puede desmembrar de la noche a la ma\u00f1ana el cuerpo de su gobierno, pues con m\u00e1s raz\u00f3n un d\u00eda se levante y diga: \u00a1No es Claudia\u2026 tampoco Ch\u00edo!<\/p>\n\n\n\n<p>Pero tranquilos\u2026 serenos, morenos! porque hoy, este d\u00eda, es Claudia y es Ch\u00edo\u2026ma\u00f1ana ya veremos!<\/p>\n","protected":false},"excerpt":{"rendered":"<p>Los Pol\u00edticos Salvador Mu\u00f1oz Entre los morenos as\u00ed como en la oposici\u00f3n y ciudadanos de a pie que gustan del teje y maneje de la pol\u00edtica, hay una certeza: quien ha de contender por Morena este 2024 por la Gubernatura de Veracruz, es Roc\u00edo Nahle. Hoy, en este momento, ella es la candidata. Es como [&hellip;]<\/p>\n","protected":false},"author":2476,"featured_media":387,"comment_status":"open","ping_status":"open","sticky":false,"template":"","format":"standard","meta":{"_jetpack_memberships_contains_paid_content":false,"footnotes":""},"categories":[11],"tags":[],"class_list":["post-42336","post","type-post","status-publish","format-standard","has-post-thumbnail","hentry","category-opinion"],"jetpack_featured_media_url":"https:\/\/encuentroinformativo.com.mx\/wp-content\/uploads\/2020\/03\/7CF8A22B-2764-47BE-8F7F-38FE9E5D6A2F.jpeg","jetpack_sharing_enabled":true,"jetpack_likes_enabled":true,"amp_enabled":true,"_links":{"self":[{"href":"https:\/\/encuentroinformativo.com.mx\/index.php?rest_route=\/wp\/v2\/posts\/42336","targetHints":{"allow":["GET"]}}],"collection":[{"href":"https:\/\/encuentroinformativo.com.mx\/index.php?rest_route=\/wp\/v2\/posts"}],"about":[{"href":"https:\/\/encuentroinformativo.com.mx\/index.php?rest_route=\/wp\/v2\/types\/post"}],"author":[{"embeddable":true,"href":"https:\/\/encuentroinformativo.com.mx\/index.php?rest_route=\/wp\/v2\/users\/2476"}],"replies":[{"embeddable":true,"href":"https:\/\/encuentroinformativo.com.mx\/index.php?rest_route=%2Fwp%2Fv2%2Fcomments&post=42336"}],"version-history":[{"count":1,"href":"https:\/\/encuentroinformativo.com.mx\/index.php?rest_route=\/wp\/v2\/posts\/42336\/revisions"}],"predecessor-version":[{"id":42337,"href":"https:\/\/encuentroinformativo.com.mx\/index.php?rest_route=\/wp\/v2\/posts\/42336\/revisions\/42337"}],"wp:featuredmedia":[{"embeddable":true,"href":"https:\/\/encuentroinformativo.com.mx\/index.php?rest_route=\/wp\/v2\/media\/387"}],"wp:attachment":[{"href":"https:\/\/encuentroinformativo.com.mx\/index.php?rest_route=%2Fwp%2Fv2%2Fmedia&parent=42336"}],"wp:term":[{"taxonomy":"category","embeddable":true,"href":"https:\/\/encuentroinformativo.com.mx\/index.php?rest_route=%2Fwp%2Fv2%2Fcategories&post=42336"},{"taxonomy":"post_tag","embeddable":true,"href":"https:\/\/encuentroinformativo.com.mx\/index.php?rest_route=%2Fwp%2Fv2%2Ftags&post=42336"}],"curies":[{"name":"wp","href":"https:\/\/api.w.org\/{rel}","templated":true}]}}