{"id":42341,"date":"2023-06-28T13:08:45","date_gmt":"2023-06-28T19:08:45","guid":{"rendered":"https:\/\/encuentroinformativo.com.mx\/?p=42341"},"modified":"2023-06-28T13:08:49","modified_gmt":"2023-06-28T19:08:49","slug":"solicitan-mas-apoyo-legal-para-la-comunidad-lgbtttiq","status":"publish","type":"post","link":"https:\/\/encuentroinformativo.com.mx\/?p=42341","title":{"rendered":"Solicitan m\u00e1s apoyo legal para la comunidad LGBTTTIQ+"},"content":{"rendered":"\n<p><strong>Dar\u00edo Pale <\/strong><\/p>\n\n\n\n<p>Xalapa, Ver.- A\u00fan falta apoyo por parte de las autoridades en materia de seguridad y de competencia legal para fortalecer sus derechos, para la comunidad LGBTTTIQ+, as\u00ed lo dio a conocer Percibal Joseph Mart\u00ednez Mar\u00edn, secretario de Equidad, Igualdad de G\u00e9nero y Diversidad del Estado de Veracruz por Benem\u00e9rito Ju\u00e1rez en el Siglo XXI AC.<\/p>\n\n\n\n<p>En conferencia de prensa se\u00f1al\u00f3 que tambi\u00e9n se requiere apoyo oficial en materia de salud y laboral, por lo que hace falta sinergia.\u00a0<\/p>\n\n\n\n<p>&#8220;No podemos ir solos caminando, no podemos ir nada m\u00e1s avanzando nosotros, tambi\u00e9n necesitamos acompa\u00f1amiento de las autoridades&#8221;, se\u00f1al\u00f3.<\/p>\n\n\n\n<p>En ese sentido, dijo que requieren de respaldo y protecci\u00f3n, ya que contin\u00faan sucediendo situaciones de inseguridad.\u00a0<\/p>\n\n\n\n<p>Por ello, dio a conocer el Foro y Festival de Emprendimiento &#8220;Conociendo mis Derechos como Poblaci\u00f3n LGBTTTIQA+&#8221;, el cual se llevar\u00e1 a cabo en el Centro Recreativo Xalape\u00f1o, el d\u00eda s\u00e1bado 1 de julio del presente a\u00f1o a las 12:00 horas.\u00a0<\/p>\n\n\n\n<p>Se contar\u00e1 con la presencia de autoridades estatales, municipales, colectivos y asociaciones civiles diversas, con el objetivo de fortalecer a la sociedad mediante el conociendo en el derecho humano, para un trato digno.<\/p>\n\n\n\n<p>En otro orden de ideas opin\u00f3 que la comunidad de la diversidad sexual no debe ser utilizada de manera electoral, consider\u00f3 que la comunidad se debe fortalecer a\u00fan m\u00e1s.<\/p>\n\n\n\n<p>&#8220;Estar muy firmes en la convicci\u00f3n de que la poblaci\u00f3n del estado de Veracruz diversa, no es una poblaci\u00f3n que deba ser utilizada bajo ning\u00fan motivo, es una poblaci\u00f3n para fortalecerla con base en el derecho humano y con toda la protecci\u00f3n de la ley vigente&#8221;, coment\u00f3.<\/p>\n\n\n\n<p>En relaci\u00f3n a la protesta llevada a cabo en Tr\u00e1nsito del Estado por la discriminaci\u00f3n y transfobia en esa y otras dependencias del Estado, manifest\u00f3 que todav\u00eda se requiere de m\u00e1s apoyo por parte de los gobiernos.<\/p>\n\n\n\n<p>&#8220;Para poder fortalecer derechos en materia de todos los ordenamientos jur\u00eddicos, nos hace falta mucho, de hecho necesitamos seguridad para fortalecer este tema, porque no podemos ir solos&#8221;, se\u00f1al\u00f3.<\/p>\n\n\n\n<p>Por \u00faltimo insisti\u00f3 en que para que la comunidad de la diversidad sexual se fortalezca es necesario contar con el acompa\u00f1amiento de las autoridades.<\/p>\n","protected":false},"excerpt":{"rendered":"<p>Dar\u00edo Pale Xalapa, Ver.- A\u00fan falta apoyo por parte de las autoridades en materia de seguridad y de competencia legal para fortalecer sus derechos, para la comunidad LGBTTTIQ+, as\u00ed lo dio a conocer Percibal Joseph Mart\u00ednez Mar\u00edn, secretario de Equidad, Igualdad de G\u00e9nero y Diversidad del Estado de Veracruz por Benem\u00e9rito Ju\u00e1rez en el Siglo [&hellip;]<\/p>\n","protected":false},"author":2476,"featured_media":42342,"comment_status":"open","ping_status":"open","sticky":false,"template":"","format":"standard","meta":{"_jetpack_memberships_contains_paid_content":false,"footnotes":""},"categories":[3],"tags":[],"class_list":["post-42341","post","type-post","status-publish","format-standard","has-post-thumbnail","hentry","category-xalapa"],"jetpack_featured_media_url":"https:\/\/encuentroinformativo.com.mx\/wp-content\/uploads\/2023\/06\/IMG-20230628-WA0027.jpg","jetpack_sharing_enabled":true,"jetpack_likes_enabled":true,"amp_enabled":true,"_links":{"self":[{"href":"https:\/\/encuentroinformativo.com.mx\/index.php?rest_route=\/wp\/v2\/posts\/42341","targetHints":{"allow":["GET"]}}],"collection":[{"href":"https:\/\/encuentroinformativo.com.mx\/index.php?rest_route=\/wp\/v2\/posts"}],"about":[{"href":"https:\/\/encuentroinformativo.com.mx\/index.php?rest_route=\/wp\/v2\/types\/post"}],"author":[{"embeddable":true,"href":"https:\/\/encuentroinformativo.com.mx\/index.php?rest_route=\/wp\/v2\/users\/2476"}],"replies":[{"embeddable":true,"href":"https:\/\/encuentroinformativo.com.mx\/index.php?rest_route=%2Fwp%2Fv2%2Fcomments&post=42341"}],"version-history":[{"count":1,"href":"https:\/\/encuentroinformativo.com.mx\/index.php?rest_route=\/wp\/v2\/posts\/42341\/revisions"}],"predecessor-version":[{"id":42343,"href":"https:\/\/encuentroinformativo.com.mx\/index.php?rest_route=\/wp\/v2\/posts\/42341\/revisions\/42343"}],"wp:featuredmedia":[{"embeddable":true,"href":"https:\/\/encuentroinformativo.com.mx\/index.php?rest_route=\/wp\/v2\/media\/42342"}],"wp:attachment":[{"href":"https:\/\/encuentroinformativo.com.mx\/index.php?rest_route=%2Fwp%2Fv2%2Fmedia&parent=42341"}],"wp:term":[{"taxonomy":"category","embeddable":true,"href":"https:\/\/encuentroinformativo.com.mx\/index.php?rest_route=%2Fwp%2Fv2%2Fcategories&post=42341"},{"taxonomy":"post_tag","embeddable":true,"href":"https:\/\/encuentroinformativo.com.mx\/index.php?rest_route=%2Fwp%2Fv2%2Ftags&post=42341"}],"curies":[{"name":"wp","href":"https:\/\/api.w.org\/{rel}","templated":true}]}}