{"id":42355,"date":"2023-06-28T14:29:28","date_gmt":"2023-06-28T20:29:28","guid":{"rendered":"https:\/\/encuentroinformativo.com.mx\/?p=42355"},"modified":"2023-06-28T14:29:32","modified_gmt":"2023-06-28T20:29:32","slug":"asunto-entre-particulares-caso-de-hijo-del-senador-julen-gobernador","status":"publish","type":"post","link":"https:\/\/encuentroinformativo.com.mx\/?p=42355","title":{"rendered":"Asunto entre particulares, caso de hijo del senador Julen: Gobernador"},"content":{"rendered":"\n<p><strong>Dar\u00edo Pale <\/strong><\/p>\n\n\n\n<p>Xalapa, Ver.- No hay orden de aprehensi\u00f3n contra hijo de senador Julen Rementeria tiene \u00e9l y otros j\u00f3venes, citatorio por pelea en 2019 fuera de un bar, as\u00ed lo dio a conocer el gobernador del estado Cuitl\u00e1huac Garc\u00eda Jim\u00e9nez.<\/p>\n\n\n\n<p>En conferencia de prensa, se\u00f1al\u00f3 que dio a conocer en un medio de comunicaci\u00f3n nacional que la Fiscal\u00eda General de Veracruz hab\u00eda obtenido orden de aprehensi\u00f3n en contra de Imanol &#8220;N&#8221;, hijo del legislador, as\u00ed como otros tres j\u00f3venes.<\/p>\n\n\n\n<p>En 2019, participaron en una trifulca en donde un hombre result\u00f3 gravemente lesionado.<\/p>\n\n\n\n<p>En ese sentido, el Ejecutivo aclar\u00f3 que lo que hay es un citatorio para quienes fueron denunciados, aunque tambi\u00e9n aclar\u00f3, no tienen que presentarse, podr\u00edan mandar a su abogado.<\/p>\n\n\n\n<p>Reconoci\u00f3 que los procesos judiciales se alargan por mucho tiempo, pero lo que se les est\u00e1 pidiendo ahora es que se presenten por medio de citatorio.<\/p>\n\n\n\n<p>&#8220;No, no para nada (orden de aprehensi\u00f3n), para que respondan, creo que ni siquiera tienen que ir, creo que ni siquiera tienen que presentarse&#8221;, se\u00f1al\u00f3.<\/p>\n\n\n\n<p>&#8220;Es una pelea y la denuncia obviamente es de lesiones o algo as\u00ed, nada de gravedad me parece. La Fiscal\u00eda tiene que hacer su papel y sin miramientos, sea quien sea&#8221;, agreg\u00f3.<\/p>\n\n\n\n<p>Garc\u00eda Jim\u00e9nez dijo que la fiscal Ver\u00f3nica Hern\u00e1ndez Giad\u00e1ns le explic\u00f3 que hay procesos que se alargan por los diferentes &#8220;instrumentos&#8221; que van interponiendo los abogados.<\/p>\n\n\n\n<p>Consider\u00f3 que entre los particulares podr\u00edan llegar a un acuerdo o seguir en el pleito legal hasta que haya alg\u00fan fallo de las autoridades de procuraci\u00f3n de justicia.<\/p>\n\n\n\n<p>Reconoci\u00f3 que algunos est\u00e1n tomando el asunto como un tema pol\u00edtico, sin embargo, dijo que aunque sab\u00eda del asunto no se acordaba, con lo cual rechaz\u00f3 que sea un tema pol\u00edtico.<\/p>\n\n\n\n<p>Indic\u00f3 que el tema es real, que s\u00ed se &#8220;dieron&#8221; y est\u00e1n identificados quienes participaron en la agresi\u00f3n, incluso hay videos y testigos, adem\u00e1s de que los medios de comunicaci\u00f3n dieron cuenta del hecho.<\/p>\n\n\n\n<p>El Mandatario no descart\u00f3 que los &#8220;enemigos&#8221; pol\u00edticos de Julen Rementer\u00eda atizar\u00e1n en el tema.<\/p>\n\n\n\n<p>Finalmente record\u00f3 que, &#8220;se pelearon afuera de un bar ah\u00ed que resuelvan y conforme a derecho y ah\u00ed que se vea&#8221;.<\/p>\n","protected":false},"excerpt":{"rendered":"<p>Dar\u00edo Pale Xalapa, Ver.- No hay orden de aprehensi\u00f3n contra hijo de senador Julen Rementeria tiene \u00e9l y otros j\u00f3venes, citatorio por pelea en 2019 fuera de un bar, as\u00ed lo dio a conocer el gobernador del estado Cuitl\u00e1huac Garc\u00eda Jim\u00e9nez. En conferencia de prensa, se\u00f1al\u00f3 que dio a conocer en un medio de comunicaci\u00f3n [&hellip;]<\/p>\n","protected":false},"author":2476,"featured_media":42356,"comment_status":"open","ping_status":"open","sticky":false,"template":"","format":"standard","meta":{"_jetpack_memberships_contains_paid_content":false,"footnotes":""},"categories":[2],"tags":[],"class_list":["post-42355","post","type-post","status-publish","format-standard","has-post-thumbnail","hentry","category-estado"],"jetpack_featured_media_url":"https:\/\/encuentroinformativo.com.mx\/wp-content\/uploads\/2023\/06\/IMG-20230628-WA00472.jpg","jetpack_sharing_enabled":true,"jetpack_likes_enabled":true,"amp_enabled":true,"_links":{"self":[{"href":"https:\/\/encuentroinformativo.com.mx\/index.php?rest_route=\/wp\/v2\/posts\/42355","targetHints":{"allow":["GET"]}}],"collection":[{"href":"https:\/\/encuentroinformativo.com.mx\/index.php?rest_route=\/wp\/v2\/posts"}],"about":[{"href":"https:\/\/encuentroinformativo.com.mx\/index.php?rest_route=\/wp\/v2\/types\/post"}],"author":[{"embeddable":true,"href":"https:\/\/encuentroinformativo.com.mx\/index.php?rest_route=\/wp\/v2\/users\/2476"}],"replies":[{"embeddable":true,"href":"https:\/\/encuentroinformativo.com.mx\/index.php?rest_route=%2Fwp%2Fv2%2Fcomments&post=42355"}],"version-history":[{"count":1,"href":"https:\/\/encuentroinformativo.com.mx\/index.php?rest_route=\/wp\/v2\/posts\/42355\/revisions"}],"predecessor-version":[{"id":42357,"href":"https:\/\/encuentroinformativo.com.mx\/index.php?rest_route=\/wp\/v2\/posts\/42355\/revisions\/42357"}],"wp:featuredmedia":[{"embeddable":true,"href":"https:\/\/encuentroinformativo.com.mx\/index.php?rest_route=\/wp\/v2\/media\/42356"}],"wp:attachment":[{"href":"https:\/\/encuentroinformativo.com.mx\/index.php?rest_route=%2Fwp%2Fv2%2Fmedia&parent=42355"}],"wp:term":[{"taxonomy":"category","embeddable":true,"href":"https:\/\/encuentroinformativo.com.mx\/index.php?rest_route=%2Fwp%2Fv2%2Fcategories&post=42355"},{"taxonomy":"post_tag","embeddable":true,"href":"https:\/\/encuentroinformativo.com.mx\/index.php?rest_route=%2Fwp%2Fv2%2Ftags&post=42355"}],"curies":[{"name":"wp","href":"https:\/\/api.w.org\/{rel}","templated":true}]}}