{"id":42358,"date":"2023-06-28T15:44:51","date_gmt":"2023-06-28T21:44:51","guid":{"rendered":"https:\/\/encuentroinformativo.com.mx\/?p=42358"},"modified":"2023-06-28T15:44:55","modified_gmt":"2023-06-28T21:44:55","slug":"liberan-a-tres-cafetaleros-denunciados-por-amsa","status":"publish","type":"post","link":"https:\/\/encuentroinformativo.com.mx\/?p=42358","title":{"rendered":"Liberan a tres cafetaleros denunciados por AMSA"},"content":{"rendered":"\n<p><strong>Juan Arcos <\/strong><\/p>\n\n\n\n<p>Xalapa, Ver.- Tres de los cinco cafetaleros ser\u00edan liberados del penal de La Toma, en Amatl\u00e1n de los Reyes, quienes fueron denunciados por la empresa Agroindustrias Unidas de M\u00e9xico (AMSA).<\/p>\n\n\n\n<p>Este mi\u00e9rcoles 28 de junio, se confirm\u00f3 que algunos de ellos obtendr\u00edan su libertad gracias a un amparo federal.<\/p>\n\n\n\n<p>Se habla de que quedar\u00edan libres bajo la reserva de ley Abraham &#8220;N&#8221;, Minervo &#8220;N&#8221; y Cirio &#8220;N&#8221;, quien es actual presidente del Consejo Regional del Caf\u00e9 de Coatepec.<\/p>\n\n\n\n<p>Ellos continuar\u00edan su proceso legal en libertad, luego de que fueran se\u00f1alados de presuntamente participar en un incendio en el beneficio de AMSA, ubicado en el municipio de Ixhuatl\u00e1n del Caf\u00e9, en enero de 2022.<\/p>\n\n\n\n<p>Los familiares de Cirio confirmaron que deber\u00edan ser liberados en las pr\u00f3ximas horas de este mi\u00e9rcoles.<\/p>\n\n\n\n<p>Sin embargo, se quedar\u00edan en prisi\u00f3n Crisanto \u201cN\u201d y Viridiana \u201cN\u201d, exalcaldesa de Ixhuatl\u00e1n del Caf\u00e9, quien tambi\u00e9n se dedica a la producci\u00f3n del arom\u00e1tico.<\/p>\n\n\n\n<p>Los cafetaleros fueron detenidos el pasado 26 de mayo por el delito de estragos en agravio de la empresa Agroindustrias Unidas de M\u00e9xico.<\/p>\n\n\n\n<p>Desde entonces, los familiares de los detenidos llevaron a cabo una serie de protestas y el pasado lunes 19 de junio se reunieron con el gobernador Cuitl\u00e1huac Garc\u00eda Jim\u00e9nez para exigir su liberaci\u00f3n.<\/p>\n","protected":false},"excerpt":{"rendered":"<p>Juan Arcos Xalapa, Ver.- Tres de los cinco cafetaleros ser\u00edan liberados del penal de La Toma, en Amatl\u00e1n de los Reyes, quienes fueron denunciados por la empresa Agroindustrias Unidas de M\u00e9xico (AMSA). Este mi\u00e9rcoles 28 de junio, se confirm\u00f3 que algunos de ellos obtendr\u00edan su libertad gracias a un amparo federal. Se habla de que [&hellip;]<\/p>\n","protected":false},"author":2476,"featured_media":42359,"comment_status":"open","ping_status":"open","sticky":false,"template":"","format":"standard","meta":{"_jetpack_memberships_contains_paid_content":false,"footnotes":""},"categories":[8],"tags":[],"class_list":["post-42358","post","type-post","status-publish","format-standard","has-post-thumbnail","hentry","category-region"],"jetpack_featured_media_url":"https:\/\/encuentroinformativo.com.mx\/wp-content\/uploads\/2023\/06\/IMG_5846.jpg","jetpack_sharing_enabled":true,"jetpack_likes_enabled":true,"amp_enabled":true,"_links":{"self":[{"href":"https:\/\/encuentroinformativo.com.mx\/index.php?rest_route=\/wp\/v2\/posts\/42358","targetHints":{"allow":["GET"]}}],"collection":[{"href":"https:\/\/encuentroinformativo.com.mx\/index.php?rest_route=\/wp\/v2\/posts"}],"about":[{"href":"https:\/\/encuentroinformativo.com.mx\/index.php?rest_route=\/wp\/v2\/types\/post"}],"author":[{"embeddable":true,"href":"https:\/\/encuentroinformativo.com.mx\/index.php?rest_route=\/wp\/v2\/users\/2476"}],"replies":[{"embeddable":true,"href":"https:\/\/encuentroinformativo.com.mx\/index.php?rest_route=%2Fwp%2Fv2%2Fcomments&post=42358"}],"version-history":[{"count":1,"href":"https:\/\/encuentroinformativo.com.mx\/index.php?rest_route=\/wp\/v2\/posts\/42358\/revisions"}],"predecessor-version":[{"id":42360,"href":"https:\/\/encuentroinformativo.com.mx\/index.php?rest_route=\/wp\/v2\/posts\/42358\/revisions\/42360"}],"wp:featuredmedia":[{"embeddable":true,"href":"https:\/\/encuentroinformativo.com.mx\/index.php?rest_route=\/wp\/v2\/media\/42359"}],"wp:attachment":[{"href":"https:\/\/encuentroinformativo.com.mx\/index.php?rest_route=%2Fwp%2Fv2%2Fmedia&parent=42358"}],"wp:term":[{"taxonomy":"category","embeddable":true,"href":"https:\/\/encuentroinformativo.com.mx\/index.php?rest_route=%2Fwp%2Fv2%2Fcategories&post=42358"},{"taxonomy":"post_tag","embeddable":true,"href":"https:\/\/encuentroinformativo.com.mx\/index.php?rest_route=%2Fwp%2Fv2%2Ftags&post=42358"}],"curies":[{"name":"wp","href":"https:\/\/api.w.org\/{rel}","templated":true}]}}