{"id":42361,"date":"2023-06-28T15:50:52","date_gmt":"2023-06-28T21:50:52","guid":{"rendered":"https:\/\/encuentroinformativo.com.mx\/?p=42361"},"modified":"2023-06-28T15:50:56","modified_gmt":"2023-06-28T21:50:56","slug":"los-ojos-del-mundo-estaran-en-cordoba-alcalde","status":"publish","type":"post","link":"https:\/\/encuentroinformativo.com.mx\/?p=42361","title":{"rendered":"Los ojos del mundo estar\u00e1n en C\u00f3rdoba: Alcalde"},"content":{"rendered":"\n<p><strong>Dar\u00edo Pale <\/strong><\/p>\n\n\n\n<p>Xalapa, Ver.- El presidente municipal de C\u00f3rdoba Juan Mart\u00ednez Flores dio a conocer que despu\u00e9s de obtener la distinci\u00f3n de Pueblo M\u00e1gico para C\u00f3rdoba, afirm\u00f3 que los ojos del mundo est\u00e1n en C\u00f3rdoba, lo cual es un gran orgullo.<\/p>\n\n\n\n<p>En conferencia de prensa junto con el Gobernador y el secretario de Turismo, afirm\u00f3 que los atractivos de C\u00f3rdoba son, sin duda, de trascendencia nacional y mundial.<\/p>\n\n\n\n<p>Y es que, record\u00f3, en C\u00f3rdoba naci\u00f3 M\u00e9xico, ya que ah\u00ed se celebraron los Tratados de C\u00f3rdoba donde nuestro pa\u00eds logr\u00f3 su independencia.<\/p>\n\n\n\n<p>&#8220;Esto para nosotros es un orgullo, despu\u00e9s de una batalla de la defensa de la naci\u00f3n en la Batalla del 21 de mayo, tambi\u00e9n nos enorgullece&#8221;, se\u00f1al\u00f3.<\/p>\n\n\n\n<p>&#8220;C\u00f3rdoba tiene atractivos culturales, tur\u00edsticos, religiosos, la gastronom\u00eda y, lo m\u00e1s importante, que le estamos dando el impulso, es el Festival del Caf\u00e9&#8221;, agreg\u00f3.<\/p>\n\n\n\n<p>El edil coment\u00f3 que con dicho festival han logrado grandes distinciones, lo que permitir\u00e1 trascender a nivel mundial, pero sobre todo, con la nueva distinci\u00f3n de Pueblo M\u00e1gico.<\/p>\n","protected":false},"excerpt":{"rendered":"<p>Dar\u00edo Pale Xalapa, Ver.- El presidente municipal de C\u00f3rdoba Juan Mart\u00ednez Flores dio a conocer que despu\u00e9s de obtener la distinci\u00f3n de Pueblo M\u00e1gico para C\u00f3rdoba, afirm\u00f3 que los ojos del mundo est\u00e1n en C\u00f3rdoba, lo cual es un gran orgullo. En conferencia de prensa junto con el Gobernador y el secretario de Turismo, afirm\u00f3 [&hellip;]<\/p>\n","protected":false},"author":2476,"featured_media":42362,"comment_status":"open","ping_status":"open","sticky":false,"template":"","format":"standard","meta":{"_jetpack_memberships_contains_paid_content":false,"footnotes":""},"categories":[2],"tags":[],"class_list":["post-42361","post","type-post","status-publish","format-standard","has-post-thumbnail","hentry","category-estado"],"jetpack_featured_media_url":"https:\/\/encuentroinformativo.com.mx\/wp-content\/uploads\/2023\/06\/IMG-20230628-WA0062.jpg","jetpack_sharing_enabled":true,"jetpack_likes_enabled":true,"amp_enabled":true,"_links":{"self":[{"href":"https:\/\/encuentroinformativo.com.mx\/index.php?rest_route=\/wp\/v2\/posts\/42361","targetHints":{"allow":["GET"]}}],"collection":[{"href":"https:\/\/encuentroinformativo.com.mx\/index.php?rest_route=\/wp\/v2\/posts"}],"about":[{"href":"https:\/\/encuentroinformativo.com.mx\/index.php?rest_route=\/wp\/v2\/types\/post"}],"author":[{"embeddable":true,"href":"https:\/\/encuentroinformativo.com.mx\/index.php?rest_route=\/wp\/v2\/users\/2476"}],"replies":[{"embeddable":true,"href":"https:\/\/encuentroinformativo.com.mx\/index.php?rest_route=%2Fwp%2Fv2%2Fcomments&post=42361"}],"version-history":[{"count":1,"href":"https:\/\/encuentroinformativo.com.mx\/index.php?rest_route=\/wp\/v2\/posts\/42361\/revisions"}],"predecessor-version":[{"id":42363,"href":"https:\/\/encuentroinformativo.com.mx\/index.php?rest_route=\/wp\/v2\/posts\/42361\/revisions\/42363"}],"wp:featuredmedia":[{"embeddable":true,"href":"https:\/\/encuentroinformativo.com.mx\/index.php?rest_route=\/wp\/v2\/media\/42362"}],"wp:attachment":[{"href":"https:\/\/encuentroinformativo.com.mx\/index.php?rest_route=%2Fwp%2Fv2%2Fmedia&parent=42361"}],"wp:term":[{"taxonomy":"category","embeddable":true,"href":"https:\/\/encuentroinformativo.com.mx\/index.php?rest_route=%2Fwp%2Fv2%2Fcategories&post=42361"},{"taxonomy":"post_tag","embeddable":true,"href":"https:\/\/encuentroinformativo.com.mx\/index.php?rest_route=%2Fwp%2Fv2%2Ftags&post=42361"}],"curies":[{"name":"wp","href":"https:\/\/api.w.org\/{rel}","templated":true}]}}