{"id":42378,"date":"2023-06-29T08:57:02","date_gmt":"2023-06-29T14:57:02","guid":{"rendered":"https:\/\/encuentroinformativo.com.mx\/?p=42378"},"modified":"2023-06-29T08:57:13","modified_gmt":"2023-06-29T14:57:13","slug":"corcholata-colmilluda","status":"publish","type":"post","link":"https:\/\/encuentroinformativo.com.mx\/?p=42378","title":{"rendered":"CORCHOLATA COLMILLUDA"},"content":{"rendered":"\n<p><strong>Los Pol\u00edticos<\/strong><\/p>\n\n\n\n<p><strong>Salvador Mu\u00f1oz<\/strong><\/p>\n\n\n\n<p>Antes del 2015, nadie lo conoc\u00eda. Si alguien preguntaba por qui\u00e9n era \u00e9l, la referencia inmediata era \u201ces el hijo del profe Atanasio\u201d y nada m\u00e1s\u2026 y a pesar de haber sido electo diputado federal para la LXIII Legislatura, era el perfecto desconocido. Su designaci\u00f3n en 2016 como candidato a Gobernador igual pas\u00f3 \u201cdesapercibida\u201d (s\u00ed, as\u00ed entrecomillado porque alcanz\u00f3 un tercer lugar) y regres\u00f3 a la curul en San L\u00e1zaro. Para el 2017, cuando le dijeron que se alistara porque iba a competir de nuevo por la Gubernatura, no se la cre\u00eda porque todos esperaban que la candidata fuera una mujer: Roc\u00edo Nahle, \u00bfpor qu\u00e9? por la cercan\u00eda de la \u201cveratecana\u201d o \u201czacacruzana\u201d con L\u00f3pez Obrador\u2026 pero \u00e9sa es otra historia\u2026<\/p>\n\n\n\n<p>El asunto es que Cuitl\u00e1huac era un diputado federal gris opaco, sin aspiraciones a subir al cielo (por eso de \u201cun poquito de gracia\u201d) y sin embargo, gracias al efecto AMLO, lleg\u00f3, no al cielo, pero s\u00ed a la cima del poder. Es decir, al estilo Duarte: de San L\u00e1zaro a la Gubernatura\u2026 \u00a1Pinche Sergio Gil! Ten\u00eda raz\u00f3n con eso del \u201cNuevo Duarte\u201d&#8230;<\/p>\n\n\n\n<p>Hoy, si citamos a las \u201ccorcholatas\u201d locales, las dos de rango m\u00e1s alto son Roc\u00edo Nahle y Manuel Huerta Ladr\u00f3n de Guevara; una, secretaria de Estado; el otro, Super delegado de Bienestar.<\/p>\n\n\n\n<p>Bajo ellos, Zenyazen Escobar Garc\u00eda, secretario de Educaci\u00f3n y Bola 8, secretario de Gobierno.<\/p>\n\n\n\n<p>Le siguen Sergio Guti\u00e9rrez Luna, diputado federal, que si aplic\u00e1ramos la tesis Duarte-Cuic, tendr\u00eda que ir al lado de Nahle y Manuel.<\/p>\n\n\n\n<p>Y por \u00faltimo, un presidente municipal: Ricardo Ahued, quiz\u00e1s el m\u00e1s modesto de las corcholatas de Morena por ser el \u00fanico que por m\u00e1s que dice que \u201c\u00a1No, no y no!\u201d, las encuestas insisten en encartar.<\/p>\n\n\n\n<p>Pero la modestia de Ahued no s\u00f3lo estriba en el rechazo a ser considerado un \u201cCorcholato\u201d, sino en su cargo que aunque sea la autoridad m\u00e1xima de la capital veracruzana, para el tama\u00f1o de nuestra entidad, su impacto pol\u00edtico nom\u00e1s no alcanza\u2026 quiz\u00e1s en Nuevo Le\u00f3n, Yucat\u00e1n, Jalisco, pudiera tener ondas de magnitud, pero en Veracruz de los miles de Veracruz, de cierto modo, lo pone en desventaja con las otras \u201cCorcholatas\u201d&#8230; es decir, no hay suelo parejo ni entre ellos mismos. Me explico:<\/p>\n\n\n\n<p>\u00bfQui\u00e9n cree usted que sea la \u201ccorcholata\u201d que pudiera generar \u201cuna simpat\u00eda\u201d entre la raza jarocha basada en el cargo que desempe\u00f1a? \u00bfNahle, Manuel, Zenyazen, Bola 8 o Cheko?<\/p>\n\n\n\n<p>Ya sin contar con Ahued, \u00bfqu\u00e9 corcholata cree que su cargo le impida generar simpat\u00edas con el Pueblo bueno y sabio?<\/p>\n\n\n\n<p>Si usted respondi\u00f3 en la primera que Manuel, pensamos igual; si usted respondi\u00f3 en la segunda que Nahle o Bola 8, pensamos igual; aunque la diferencia entre la secretaria de Energ\u00eda y el secretario de Gobierno local, es que la primera, aunque parezca incre\u00edble, pareciera que su cargo es lo que menos usa para su promoci\u00f3n personal; mientras que el segundo tuerce su cargo para salir en murales, \u201cescribir\u201d libros, pintar paredes con su nombre, \u00a1vamos! hasta pasar por encima del Gobernador.<\/p>\n\n\n\n<p>S\u00ed, los tiempos han cambiado\u2026 de ese Cuitl\u00e1huac que sali\u00f3 de una gris curul federal para saltar a gobernar uno de los estados m\u00e1s importantes del pa\u00eds, ahora, donde sus aspirantes a sucederlo ocupan cargos rimbombantes, s\u00f3lo media el poder\u2026 antes no se ten\u00eda; hoy, les sobra.<\/p>\n\n\n\n<p>Quiz\u00e1s por eso los atinados comentarios de Juan Javier G\u00f3mez Cazar\u00edn y Manuel Huerta Ladr\u00f3n de Guevara cuando instan a las \u201cCorcholatas\u201d a renunciar a su cargo, como lo estilaron en el Altiplano\u2026 aunque eso haga que el Superdelegado, uno de los que m\u00e1s se est\u00e1 promocionando en estos momentos, no aplique para s\u00ed sus buenos consejos\u2026 \u00a1M\u00e9ndigo colmillo!&nbsp;<\/p>\n","protected":false},"excerpt":{"rendered":"<p>Los Pol\u00edticos Salvador Mu\u00f1oz Antes del 2015, nadie lo conoc\u00eda. Si alguien preguntaba por qui\u00e9n era \u00e9l, la referencia inmediata era \u201ces el hijo del profe Atanasio\u201d y nada m\u00e1s\u2026 y a pesar de haber sido electo diputado federal para la LXIII Legislatura, era el perfecto desconocido. Su designaci\u00f3n en 2016 como candidato a Gobernador [&hellip;]<\/p>\n","protected":false},"author":2476,"featured_media":387,"comment_status":"open","ping_status":"open","sticky":false,"template":"","format":"standard","meta":{"_jetpack_memberships_contains_paid_content":false,"footnotes":""},"categories":[11],"tags":[],"class_list":["post-42378","post","type-post","status-publish","format-standard","has-post-thumbnail","hentry","category-opinion"],"jetpack_featured_media_url":"https:\/\/encuentroinformativo.com.mx\/wp-content\/uploads\/2020\/03\/7CF8A22B-2764-47BE-8F7F-38FE9E5D6A2F.jpeg","jetpack_sharing_enabled":true,"jetpack_likes_enabled":true,"amp_enabled":true,"_links":{"self":[{"href":"https:\/\/encuentroinformativo.com.mx\/index.php?rest_route=\/wp\/v2\/posts\/42378","targetHints":{"allow":["GET"]}}],"collection":[{"href":"https:\/\/encuentroinformativo.com.mx\/index.php?rest_route=\/wp\/v2\/posts"}],"about":[{"href":"https:\/\/encuentroinformativo.com.mx\/index.php?rest_route=\/wp\/v2\/types\/post"}],"author":[{"embeddable":true,"href":"https:\/\/encuentroinformativo.com.mx\/index.php?rest_route=\/wp\/v2\/users\/2476"}],"replies":[{"embeddable":true,"href":"https:\/\/encuentroinformativo.com.mx\/index.php?rest_route=%2Fwp%2Fv2%2Fcomments&post=42378"}],"version-history":[{"count":1,"href":"https:\/\/encuentroinformativo.com.mx\/index.php?rest_route=\/wp\/v2\/posts\/42378\/revisions"}],"predecessor-version":[{"id":42379,"href":"https:\/\/encuentroinformativo.com.mx\/index.php?rest_route=\/wp\/v2\/posts\/42378\/revisions\/42379"}],"wp:featuredmedia":[{"embeddable":true,"href":"https:\/\/encuentroinformativo.com.mx\/index.php?rest_route=\/wp\/v2\/media\/387"}],"wp:attachment":[{"href":"https:\/\/encuentroinformativo.com.mx\/index.php?rest_route=%2Fwp%2Fv2%2Fmedia&parent=42378"}],"wp:term":[{"taxonomy":"category","embeddable":true,"href":"https:\/\/encuentroinformativo.com.mx\/index.php?rest_route=%2Fwp%2Fv2%2Fcategories&post=42378"},{"taxonomy":"post_tag","embeddable":true,"href":"https:\/\/encuentroinformativo.com.mx\/index.php?rest_route=%2Fwp%2Fv2%2Ftags&post=42378"}],"curies":[{"name":"wp","href":"https:\/\/api.w.org\/{rel}","templated":true}]}}