{"id":42381,"date":"2023-06-29T09:51:13","date_gmt":"2023-06-29T15:51:13","guid":{"rendered":"https:\/\/encuentroinformativo.com.mx\/?p=42381"},"modified":"2023-06-29T09:51:17","modified_gmt":"2023-06-29T15:51:17","slug":"la-importancia-del-hospital-de-nautla-por-la-negligencia-de-misantla","status":"publish","type":"post","link":"https:\/\/encuentroinformativo.com.mx\/?p=42381","title":{"rendered":"LA IMPORTANCIA DEL HOSPITAL DE NAUTLA\u2026 POR LA NEGLIGENCIA DE MISANTLA"},"content":{"rendered":"\n<p><strong>ColumnaSinNombre<\/strong> <\/p>\n\n\n\n<p><strong>@pablojair<\/strong><\/p>\n\n\n\n<ul class=\"wp-block-list\"><li>Pleito ranchero por el poder ganadero.<\/li><li>Las protestas en Boca y el amigo de Ad\u00e1n.<\/li><li>\u00bfYa felicitaron a las atletas con medallas en los JCC 2023?<\/li><\/ul>\n\n\n\n<p>&#8220;Ha muerto la licenciado Talina&#8221;<br>\u2014Chopenjawer recordando a la Dama del Buen Decir<\/p>\n\n\n\n<p>Un buen amigo abogado y su servidor nos vimos este fin de semana para echar el caf\u00e9 en un lugar donde &#8211;seg\u00fan no me falla la memoria&#8211; ten\u00edan aire acondicionado, pero en pleno calor lo apagaron y era como estar en sauna.<\/p>\n\n\n\n<p>Pero la pl\u00e1tica estuvo chida.<\/p>\n\n\n\n<p>Entre los temas abordados le dec\u00eda que me sent\u00ed mal de salud cuando acud\u00ed a la \u00faltima gira del gobernador en Nautla. Lo atribu\u00eda al calor, pero despu\u00e9s result\u00f3 que ten\u00eda problemas derivados del sobrepeso (no se preocupen demasiado: ya estoy con tratamiento y nuevo r\u00e9gimen alimenticio).<\/p>\n\n\n\n<p>Hablando de Nautla, mi cuate me coment\u00f3 datos interesantes sobre la importancia del hospital que se est\u00e1 construyendo en ese municipio y la bronca que hubo con el anterior.<\/p>\n\n\n\n<p>Primero la importancia.<\/p>\n\n\n\n<p>Me dice que cuando estuvo trabajando en el Ministerio P\u00fablico de Misantla (en la zona monta\u00f1osa central, con salida tanto a Nautla como a Xalapa), le toc\u00f3 ver varios casos de presunta negligencia del personal m\u00e9dico del hospital general &#8211;tolerados incluso desde el gobierno estatal&#8211; en el que murieron algunas personas.<\/p>\n\n\n\n<p>La raz\u00f3n fue, principalmente, porque el &#8220;protocolo&#8221; del hospital misanteco era que si llegaba un herido grave, primero lo &#8220;estabilizaban&#8221; &#8211;poner suero y esperar a que el paciente reaccionara&#8211; y si ve\u00edan recuperaci\u00f3n favorable, entonces decid\u00edan trasladarlo a un hospital a Xalapa o Veracruz; no obstante, a veces optaron por no llevar al lesionado a otro lugar de inmediato a\u00fan cuando tuviera posibilidades de salvarse.<\/p>\n\n\n\n<p>Lo anterior, porque no quer\u00edan arriesgarse a que el paciente se les muriera a medio camino y se hicieran acreedores de una denuncia por parte de la familia.<\/p>\n\n\n\n<p>Me cuenta el caso lamentable, por ejemplo, de un polic\u00eda municipal que est\u00e1 cumpliendo 17 a\u00f1os tras las rejas porque en una ocasi\u00f3n persigui\u00f3 a unos delincuentes en flagrancia, hizo un disparo al pavimento de la calle como advertencia, pero tuvo la mala suerte de que la bala rebotara en una roca y se incrustara en una nalga de uno de los presuntos malhechores.<\/p>\n\n\n\n<p>La herida &#8211;me cuenta mi fuente&#8211; no era de gravedad, pero como era ya tarde para viajar, los m\u00e9dicos del hospital de Misantla aplicaron su &#8220;protocolo&#8221; y s\u00f3lo &#8220;estabilizaron&#8221; al paciente. Y ah\u00ed lo dejaron\u2026<\/p>\n\n\n\n<p>El problema fue que el herido ten\u00eda una hemorragia interna no atendida al momento y al paso de las horas lleg\u00f3 hasta el \u00e1rea de los test\u00edculos, al grado de que se le hizo una enorme bolsa de sangre y falleci\u00f3.<\/p>\n\n\n\n<p>El caso &#8211;como ocurre con lo de la jueza Ang\u00e9lica&#8211; fue politizado porque familiares exigieron la detenci\u00f3n del polic\u00eda con una protesta ante el Palacio Municipal y pol\u00edticos locales se montaron en la tragedia para ganar las elecciones municipales. En el Gobierno de Veracruz (en ese entonces encabezado por Javier Duarte), decidieron no involucrarse y optaron por la v\u00eda f\u00e1cil de joder a la parte m\u00e1s d\u00e9bil: el polic\u00eda que, seg\u00fan mi fuente, sigue encarcelado por homicidio.<\/p>\n\n\n\n<p>Un hospital como el de Nautla, en teor\u00eda &#8211;si llega a tener todos los servicios de alta calidad prometidos&#8211; ayudar\u00eda mucho a que esa regi\u00f3n reciba a pacientes como el arriba mencionado, ya con \u00e1reas especializadas de atenci\u00f3n para lugares cercanos como la zona de Misantla, que en teor\u00eda est\u00e1 a una hora de distancia, dependiendo de las condiciones del camino y el clima.<\/p>\n\n\n\n<p>Ahora la bronca del viejo hospital.<\/p>\n\n\n\n<p>Si usted va por la carretera federal, de Vega de Alatorre a Nautla, a un costado ver\u00e1 las ruinas de un hospital que nunca se concret\u00f3. S\u00f3lo est\u00e1 el edificio a medio terminar.<\/p>\n\n\n\n<p>Ese inmueble ha sido tema para varios personajes que lo usaron para sus campa\u00f1as pol\u00edticas como el caso del ex gobernador Miguel \u00c1ngel Yunes Linares, quien en sus recorridos por el estado hasta hizo un video denunciando el abandono de la obra.<\/p>\n\n\n\n<p>El propio presidente Andr\u00e9s Manuel L\u00f3pez Obrador lo cont\u00f3 como an\u00e9cdota en una de sus &#8220;ma\u00f1aneras&#8221;, refiriendo que hab\u00eda pasado por el lugar y le hab\u00edan dicho que era un hospital que nunca se termin\u00f3 porque ah\u00ed se inundaba.<\/p>\n\n\n\n<p>La historia es que dicho hospital fue construido en un terreno particular que est\u00e1 actualmente en pleito legal del municipio con sus propietarios. Lo raro es que se haya decidido construir en un lugar que no era propiedad del Estado.<\/p>\n\n\n\n<p>Seg\u00fan la fuente, al momento de construirse el hospital, el due\u00f1o original del terreno &#8211;que parece ya falleci\u00f3&#8211; nunca hizo la donaci\u00f3n al Gobierno del Estado como se hab\u00eda anunciado, lo que se descubri\u00f3 cuando intentaron meter los servicios de luz y agua, d\u00e1ndose cuenta que no estaba regularizado el predio.<\/p>\n\n\n\n<p>Peor a\u00fan, hubo al parecer intentos de negociaci\u00f3n con los nuevos propietarios (hijos del anterior) pero estos nunca se pusieron de acuerdo para vender y otros pelearon que les hab\u00edan quitado parte de su herencia sin consultar. El terreno entonces pas\u00f3 a litigio y en medio qued\u00f3 la obra abandonada con un evidente da\u00f1o al erario p\u00fablico, misma que tiene alrededor de 10 a\u00f1os como un monumento a la negligencia y corrupci\u00f3n.<\/p>\n\n\n\n<p>Por eso fue que en este gobierno se decidi\u00f3 construir un hospital nuevo, en otro terreno m\u00e1s cerca de la cabecera municipal.<\/p>\n\n\n\n<p>Hay planes, seg\u00fan el actual alcalde, Miguel Verjel, de que si se llega a ganar el litigio con los due\u00f1os actuales se podr\u00eda construir un Centro de Rehabilitaci\u00f3n Inclusi\u00f3n Infantil Telet\u00f3n (CRIT), aunque parece que el asunto va para largo.<\/p>\n\n\n\n<p><strong>NOTA PARA PEGAR EN EL REFRI: <\/strong>Desde hace unos d\u00edas circula un video de un empresario ganadero &#8211;conocido como Montalvo&#8211; que dice ser v\u00edctima de la extorsi\u00f3n de la delincuencia organizada en Coatzacoalcos y se\u00f1ala a otro empresario de apellido Medina como el autor de dicha extorsi\u00f3n. El aludido le contest\u00f3 y no lo baj\u00f3 de malagradecido porque dice que lo apoyaba antes\u2026 Este pleito de comadres rancheras, seg\u00fan cuentan en Acayucan (y este mi\u00e9rcoles lo retom\u00f3 el gober Cuitl\u00e1huac en su conferencia de prensa) es la lucha por el poder que se traen los ganaderos del Grupo Carranza, encabezados por el guerrerense Abel Jacob Casarrubias, eterno l\u00edder de la Uni\u00f3n Ganadera Regional del Sur de Veracruz, y sus contreras que buscan controlar tambi\u00e9n a trav\u00e9s de un nuevo cacicazgo\u2026 El mandatario estatal detall\u00f3 que este asunto es meramente de este gremio donde los grupos chocan hasta por la distribuci\u00f3n de las gu\u00edas y aretado para el ganado, que son necesarias para vender a otras partes del pa\u00eds y tener en control el abigeato\u2026 Tambi\u00e9n, un poco molesto, el propio Cuitl\u00e1huac adelant\u00f3 que en pr\u00f3ximos d\u00edas dar\u00e1 a conocer datos de la supuesta extorsi\u00f3n, se\u00f1alando que se ha hecho un gran esfuerzo por recuperar la seguridad en Coatzacoalcos\u2026 \u00a1Ah, si el jefe Alfonso Lara viviera! Ya hubiera metido en orden a toda esa bola de sombrerudos\u2026 A lo mejor podr\u00edan mandar al Zepeta a dialogar con ellos, porque dicen que ese le sabe mucho al tema por sus amigos vaqueros de la zona\u2026 A ver si de los sombrerazos, no pasan a los balazos. Al tiempo.<\/p>\n\n\n\n<p><strong>OTRA NOTA:<\/strong> Que en Boca del R\u00edo se desataron las protestas de atletas que entrenan en el emblem\u00e1tico centro deportivo &#8220;Hugo S\u00e1nchez&#8221; porque est\u00e1 en proyecto el cambiar el pasto natural por uno sint\u00e9tico\u2026 Llama la atenci\u00f3n que detr\u00e1s del asunto suena el nombre del empresario y pol\u00edtico tabasque\u00f1o Maclovio Y\u00e1\u00f1ez, quien comentan busca colocar un equipo de segunda divisi\u00f3n en dicho campo llamado Racing FC Porto Palmeiras\u2026 A Don Maclovio lo vinculan con el ex secretario de Gobernaci\u00f3n, Ad\u00e1n Augusto L\u00f3pez, y se dice que era uno de los contratistas consentidos de Pemex en pasados gobiernos.<\/p>\n\n\n\n<p><strong>LA \u00daLTIMA PORQUE UN CIGARRITO, TECITO Y A MIMIR<\/strong>: Que hay por lo menos tres veracruzanas que ya ganaron medallas en los Juegos Centroamericanos y del Caribe de El Salvador 2023\u2026. Un orgullo para Veracruz\u2026 Lo raro es que no se ven en la Cuarta Transformeishion las felicitaciones a las atletas, que hasta ayer eran: Lizbeth Gabriela Nolasco Hern\u00e1ndez, de Tlalixcoyan, con bronce en Halterofilia; Vanessa Rodr\u00edguez Gasperin, del puerto de Veracruz, con plata en Rugby; y Atenas Guti\u00e9rrez, bronce en voleibol de playa, oriunda de Coatzacoalcos, pero que &#8211;seg\u00fan se sabe en el mundo deportivo&#8211; tuvo que migrar recientemente a Monterrey para recibir apoyo y viajar a El Salvador\u2026 \u00bfPero si son orgullo para Veracruz, verdad? \u00bfVerdad? (l\u00e9ase con tono de Milhouse)\u2026<\/p>\n","protected":false},"excerpt":{"rendered":"<p>ColumnaSinNombre @pablojair Pleito ranchero por el poder ganadero. Las protestas en Boca y el amigo de Ad\u00e1n. \u00bfYa felicitaron a las atletas con medallas en los JCC 2023? &#8220;Ha muerto la licenciado Talina&#8221;\u2014Chopenjawer recordando a la Dama del Buen Decir Un buen amigo abogado y su servidor nos vimos este fin de semana para echar [&hellip;]<\/p>\n","protected":false},"author":2476,"featured_media":488,"comment_status":"open","ping_status":"open","sticky":false,"template":"","format":"standard","meta":{"_jetpack_memberships_contains_paid_content":false,"footnotes":""},"categories":[11],"tags":[],"class_list":["post-42381","post","type-post","status-publish","format-standard","has-post-thumbnail","hentry","category-opinion"],"jetpack_featured_media_url":"https:\/\/encuentroinformativo.com.mx\/wp-content\/uploads\/2020\/03\/F471F608-BA1A-416B-BA7B-BCFB24F4E6D0.jpeg","jetpack_sharing_enabled":true,"jetpack_likes_enabled":true,"amp_enabled":true,"_links":{"self":[{"href":"https:\/\/encuentroinformativo.com.mx\/index.php?rest_route=\/wp\/v2\/posts\/42381","targetHints":{"allow":["GET"]}}],"collection":[{"href":"https:\/\/encuentroinformativo.com.mx\/index.php?rest_route=\/wp\/v2\/posts"}],"about":[{"href":"https:\/\/encuentroinformativo.com.mx\/index.php?rest_route=\/wp\/v2\/types\/post"}],"author":[{"embeddable":true,"href":"https:\/\/encuentroinformativo.com.mx\/index.php?rest_route=\/wp\/v2\/users\/2476"}],"replies":[{"embeddable":true,"href":"https:\/\/encuentroinformativo.com.mx\/index.php?rest_route=%2Fwp%2Fv2%2Fcomments&post=42381"}],"version-history":[{"count":1,"href":"https:\/\/encuentroinformativo.com.mx\/index.php?rest_route=\/wp\/v2\/posts\/42381\/revisions"}],"predecessor-version":[{"id":42382,"href":"https:\/\/encuentroinformativo.com.mx\/index.php?rest_route=\/wp\/v2\/posts\/42381\/revisions\/42382"}],"wp:featuredmedia":[{"embeddable":true,"href":"https:\/\/encuentroinformativo.com.mx\/index.php?rest_route=\/wp\/v2\/media\/488"}],"wp:attachment":[{"href":"https:\/\/encuentroinformativo.com.mx\/index.php?rest_route=%2Fwp%2Fv2%2Fmedia&parent=42381"}],"wp:term":[{"taxonomy":"category","embeddable":true,"href":"https:\/\/encuentroinformativo.com.mx\/index.php?rest_route=%2Fwp%2Fv2%2Fcategories&post=42381"},{"taxonomy":"post_tag","embeddable":true,"href":"https:\/\/encuentroinformativo.com.mx\/index.php?rest_route=%2Fwp%2Fv2%2Ftags&post=42381"}],"curies":[{"name":"wp","href":"https:\/\/api.w.org\/{rel}","templated":true}]}}