{"id":42383,"date":"2023-06-29T09:58:11","date_gmt":"2023-06-29T15:58:11","guid":{"rendered":"https:\/\/encuentroinformativo.com.mx\/?p=42383"},"modified":"2023-06-29T09:58:15","modified_gmt":"2023-06-29T15:58:15","slug":"camion-urbano-y-automovil-caen-en-socavones-de-veracruz-puerto","status":"publish","type":"post","link":"https:\/\/encuentroinformativo.com.mx\/?p=42383","title":{"rendered":"Cami\u00f3n urbano y autom\u00f3vil caen en socavones de Veracruz puerto"},"content":{"rendered":"\n<p><strong>Alejandro \u00c1vila<\/strong><\/p>\n\n\n\n<p>Veracruz, Ver.- Un cami\u00f3n urbano de la ruta Geovillas del Puerto hundi\u00f3 en un socav\u00f3n en el fraccionamiento Torrentes del municipio de Veracruz.<\/p>\n\n\n\n<p>Seg\u00fan se pudo conocer, el due\u00f1o del autob\u00fas de pasajeros intent\u00f3 mover la unidad de transporte la madrugada de este jueves al darse cuenta que la calle se estaba inundando; sin embargo, al intentar trasladarlo a otro sitio la calle se desplom\u00f3 creando un gran socav\u00f3n donde el cami\u00f3n qued\u00f3 hundido.<\/p>\n\n\n\n<p>Un par de colonias m\u00e1s adelante se suscit\u00f3 otro deslave que se trag\u00f3 un autom\u00f3vil particular, en el fraccionamiento Lomas de R\u00edo Medio 4.<\/p>\n\n\n\n<p>Los hechos ocurrieron en la calle r\u00edo Rhin entre r\u00edo Guadiana y r\u00edo Duero, donde un autom\u00f3vil color rojo de la marca Hyundai fue absorbido por la enorme socav\u00f3n de la mencionada colonia.<\/p>\n\n\n\n<p>Ambos sitios fueron acordonados por elementos de la Polic\u00eda Naval para evitar otro incidente, hasta el momento las autoridades municipales no han reportado otra situaci\u00f3n de este tipo.<\/p>\n\n\n\n<figure class=\"wp-block-image size-large\"><img loading=\"lazy\" decoding=\"async\" width=\"1024\" height=\"768\" src=\"https:\/\/encuentroinformativo.com.mx\/wp-content\/uploads\/2023\/06\/IMG-20230629-WA0001.jpg\" alt=\"\" class=\"wp-image-42385\" srcset=\"https:\/\/encuentroinformativo.com.mx\/wp-content\/uploads\/2023\/06\/IMG-20230629-WA0001.jpg 1024w, https:\/\/encuentroinformativo.com.mx\/wp-content\/uploads\/2023\/06\/IMG-20230629-WA0001-300x225.jpg 300w, https:\/\/encuentroinformativo.com.mx\/wp-content\/uploads\/2023\/06\/IMG-20230629-WA0001-768x576.jpg 768w\" sizes=\"auto, (max-width: 1024px) 100vw, 1024px\" \/><\/figure>\n","protected":false},"excerpt":{"rendered":"<p>Alejandro \u00c1vila Veracruz, Ver.- Un cami\u00f3n urbano de la ruta Geovillas del Puerto hundi\u00f3 en un socav\u00f3n en el fraccionamiento Torrentes del municipio de Veracruz. Seg\u00fan se pudo conocer, el due\u00f1o del autob\u00fas de pasajeros intent\u00f3 mover la unidad de transporte la madrugada de este jueves al darse cuenta que la calle se estaba inundando; [&hellip;]<\/p>\n","protected":false},"author":2476,"featured_media":42384,"comment_status":"open","ping_status":"open","sticky":false,"template":"","format":"standard","meta":{"_jetpack_memberships_contains_paid_content":false,"footnotes":""},"categories":[2],"tags":[],"class_list":["post-42383","post","type-post","status-publish","format-standard","has-post-thumbnail","hentry","category-estado"],"jetpack_featured_media_url":"https:\/\/encuentroinformativo.com.mx\/wp-content\/uploads\/2023\/06\/IMG-20230629-WA0000.jpg","jetpack_sharing_enabled":true,"jetpack_likes_enabled":true,"amp_enabled":true,"_links":{"self":[{"href":"https:\/\/encuentroinformativo.com.mx\/index.php?rest_route=\/wp\/v2\/posts\/42383","targetHints":{"allow":["GET"]}}],"collection":[{"href":"https:\/\/encuentroinformativo.com.mx\/index.php?rest_route=\/wp\/v2\/posts"}],"about":[{"href":"https:\/\/encuentroinformativo.com.mx\/index.php?rest_route=\/wp\/v2\/types\/post"}],"author":[{"embeddable":true,"href":"https:\/\/encuentroinformativo.com.mx\/index.php?rest_route=\/wp\/v2\/users\/2476"}],"replies":[{"embeddable":true,"href":"https:\/\/encuentroinformativo.com.mx\/index.php?rest_route=%2Fwp%2Fv2%2Fcomments&post=42383"}],"version-history":[{"count":1,"href":"https:\/\/encuentroinformativo.com.mx\/index.php?rest_route=\/wp\/v2\/posts\/42383\/revisions"}],"predecessor-version":[{"id":42386,"href":"https:\/\/encuentroinformativo.com.mx\/index.php?rest_route=\/wp\/v2\/posts\/42383\/revisions\/42386"}],"wp:featuredmedia":[{"embeddable":true,"href":"https:\/\/encuentroinformativo.com.mx\/index.php?rest_route=\/wp\/v2\/media\/42384"}],"wp:attachment":[{"href":"https:\/\/encuentroinformativo.com.mx\/index.php?rest_route=%2Fwp%2Fv2%2Fmedia&parent=42383"}],"wp:term":[{"taxonomy":"category","embeddable":true,"href":"https:\/\/encuentroinformativo.com.mx\/index.php?rest_route=%2Fwp%2Fv2%2Fcategories&post=42383"},{"taxonomy":"post_tag","embeddable":true,"href":"https:\/\/encuentroinformativo.com.mx\/index.php?rest_route=%2Fwp%2Fv2%2Ftags&post=42383"}],"curies":[{"name":"wp","href":"https:\/\/api.w.org\/{rel}","templated":true}]}}