{"id":42398,"date":"2023-06-29T13:21:44","date_gmt":"2023-06-29T19:21:44","guid":{"rendered":"https:\/\/encuentroinformativo.com.mx\/?p=42398"},"modified":"2023-06-29T13:21:48","modified_gmt":"2023-06-29T19:21:48","slug":"usuario-denuncia-abusos-de-cfe-en-coatepec","status":"publish","type":"post","link":"https:\/\/encuentroinformativo.com.mx\/?p=42398","title":{"rendered":"Usuario denuncia abusos de CFE en Coatepec"},"content":{"rendered":"\n<p><strong>Juan Arcos <\/strong><\/p>\n\n\n\n<p>Coatepec, Ver.- El se\u00f1or Arturo Herrera Villa, de 64 a\u00f1os, denunci\u00f3 que contin\u00faan los abusos por parte de la Comisi\u00f3n Federal de Electricidad (CFE) en la regi\u00f3n capital del estado de Veracruz.<\/p>\n\n\n\n<p>El usuario indic\u00f3 que en su domicilio tiene un taller de balconer\u00eda, en el municipio de Coatepec, pero no ha funcionado desde la pandemia por coronavirus.<\/p>\n\n\n\n<p>Ten\u00eda un adeudo y lo liquid\u00f3 el pasado 20 de junio; sin embargo, le cortaron el servicio de energ\u00eda el\u00e9ctrica seis d\u00edas despu\u00e9s.<\/p>\n\n\n\n<p>Posteriormente, acudi\u00f3 a las oficinas de CFE, sobre la calle Constituci\u00f3n, en el Pueblo M\u00e1gico de Coatepec, pero le dijeron que se hab\u00eda robado la luz, a trav\u00e9s de un \u201cdiablito\u201d, cuando no fue as\u00ed.<\/p>\n\n\n\n<p>\u201cLa pagu\u00e9 y a\u00fan as\u00ed la cortaron porque seg\u00fan me la estaba robando, pero c\u00f3mo es posible si ya la hab\u00eda pagado. Me dicen que vaya a ver en dos d\u00edas pero c\u00f3mo vamos a estar sin luz\u201d.<\/p>\n\n\n\n<p>El se\u00f1or tiene dos hijos, un menor que estudia la primaria y una joven que est\u00e1 por ingresar a la universidad, quienes tambi\u00e9n est\u00e1n siendo afectados por la falta del servicio mencionado.<\/p>\n\n\n\n<p>&#8220;Adem\u00e1s, las cosas que tenemos adentro en el refrigerador se nos va a echar a perder y todo. Pues dicen que vamos a estar sin luz, que despu\u00e9s vaya yo, no es justo, ya est\u00e1 pagado\u201d.<\/p>\n\n\n\n<p>El adulto mayor enfatiz\u00f3 que la Comisi\u00f3n Federal de Electricidad carece de pruebas para sostener que \u00e9l hab\u00eda robado la energ\u00eda el\u00e9ctrica.<\/p>\n\n\n\n<p>Herrera Villa lament\u00f3 que en Xalapa ya no haya oficinas de la Procuradur\u00eda Federal del Consumidor (Profeco) para presentar quejas contra la empresa paraestatal por dichos abusos.<\/p>\n","protected":false},"excerpt":{"rendered":"<p>Juan Arcos Coatepec, Ver.- El se\u00f1or Arturo Herrera Villa, de 64 a\u00f1os, denunci\u00f3 que contin\u00faan los abusos por parte de la Comisi\u00f3n Federal de Electricidad (CFE) en la regi\u00f3n capital del estado de Veracruz. El usuario indic\u00f3 que en su domicilio tiene un taller de balconer\u00eda, en el municipio de Coatepec, pero no ha funcionado [&hellip;]<\/p>\n","protected":false},"author":2476,"featured_media":42399,"comment_status":"open","ping_status":"open","sticky":false,"template":"","format":"standard","meta":{"_jetpack_memberships_contains_paid_content":false,"footnotes":""},"categories":[8],"tags":[],"class_list":["post-42398","post","type-post","status-publish","format-standard","has-post-thumbnail","hentry","category-region"],"jetpack_featured_media_url":"https:\/\/encuentroinformativo.com.mx\/wp-content\/uploads\/2023\/06\/968aef38-425e-4b5a-bc79-67ba5b343f44.jpg","jetpack_sharing_enabled":true,"jetpack_likes_enabled":true,"amp_enabled":true,"_links":{"self":[{"href":"https:\/\/encuentroinformativo.com.mx\/index.php?rest_route=\/wp\/v2\/posts\/42398","targetHints":{"allow":["GET"]}}],"collection":[{"href":"https:\/\/encuentroinformativo.com.mx\/index.php?rest_route=\/wp\/v2\/posts"}],"about":[{"href":"https:\/\/encuentroinformativo.com.mx\/index.php?rest_route=\/wp\/v2\/types\/post"}],"author":[{"embeddable":true,"href":"https:\/\/encuentroinformativo.com.mx\/index.php?rest_route=\/wp\/v2\/users\/2476"}],"replies":[{"embeddable":true,"href":"https:\/\/encuentroinformativo.com.mx\/index.php?rest_route=%2Fwp%2Fv2%2Fcomments&post=42398"}],"version-history":[{"count":1,"href":"https:\/\/encuentroinformativo.com.mx\/index.php?rest_route=\/wp\/v2\/posts\/42398\/revisions"}],"predecessor-version":[{"id":42400,"href":"https:\/\/encuentroinformativo.com.mx\/index.php?rest_route=\/wp\/v2\/posts\/42398\/revisions\/42400"}],"wp:featuredmedia":[{"embeddable":true,"href":"https:\/\/encuentroinformativo.com.mx\/index.php?rest_route=\/wp\/v2\/media\/42399"}],"wp:attachment":[{"href":"https:\/\/encuentroinformativo.com.mx\/index.php?rest_route=%2Fwp%2Fv2%2Fmedia&parent=42398"}],"wp:term":[{"taxonomy":"category","embeddable":true,"href":"https:\/\/encuentroinformativo.com.mx\/index.php?rest_route=%2Fwp%2Fv2%2Fcategories&post=42398"},{"taxonomy":"post_tag","embeddable":true,"href":"https:\/\/encuentroinformativo.com.mx\/index.php?rest_route=%2Fwp%2Fv2%2Ftags&post=42398"}],"curies":[{"name":"wp","href":"https:\/\/api.w.org\/{rel}","templated":true}]}}