{"id":42404,"date":"2023-06-29T16:10:07","date_gmt":"2023-06-29T22:10:07","guid":{"rendered":"https:\/\/encuentroinformativo.com.mx\/?p=42404"},"modified":"2023-06-29T16:10:11","modified_gmt":"2023-06-29T22:10:11","slug":"el-futuro-y-la-transformacion-corre-por-el-verde-javier-herrera","status":"publish","type":"post","link":"https:\/\/encuentroinformativo.com.mx\/?p=42404","title":{"rendered":"El futuro y la transformaci\u00f3n corre por el Verde: Javier Herrera"},"content":{"rendered":"\n<p><strong>Alejandro \u00c1vila<\/strong><\/p>\n\n\n\n<p>Veracruz, Ver.- El secretario de organizaci\u00f3n del Comit\u00e9 Ejecutivo Nacional (CEN) del Partido Verde Ecologista de M\u00e9xico (PVEM), Javier Herrera Borunda, asegur\u00f3 que el futuro de la transformaci\u00f3n corre a cargo de su partido.<\/p>\n\n\n\n<p>En breve entrevista en el aeropuerto &#8220;Heriberto Jara Corona&#8221; de Veracruz, se\u00f1al\u00f3 que el Verde Ecologista se ha consolidado en la entidad veracruzana, y ha formado una alianza con las directrices del presidente, Andr\u00e9s Manuel L\u00f3pez Obrador.<\/p>\n\n\n\n<p>&#8220;Est\u00e1 muy claro que el futuro y la transformaci\u00f3n corre por el Verde, viene (Manuel Velasco) en el marco de los trabajos para buscar la coordinaci\u00f3n de los Comit\u00e9s de Defensa de la Cuarta Transformaci\u00f3n. Veracruz es de los padrones m\u00e1s importantes y de aqu\u00ed el Verde se ha consolidado en una alianza que tiene con el presidente de la rep\u00fablica Andr\u00e9s Manuel&#8221;, subray\u00f3.<\/p>\n\n\n\n<p>A pesar de que la estructura del Partido Verde Ecologista en Veracruz se ha debilitado con el brinco de ediles a Morena, el cosamaloape\u00f1o, asegur\u00f3 que su &#8220;corcholata verde&#8221; lograr\u00e1 un buen porcentaje de votos en la encuesta interna para elegir al candidato a la presidencia de la rep\u00fablica por la alianza de la Cuarta Transformaci\u00f3n.<\/p>\n\n\n\n<p>&#8220;A Manuel Velasco le alcanza con el Verde, con M\u00e9xico y con Morena, con todos. Va en una coalici\u00f3n en la cual vamos a trabajar por el bien de la transformaci\u00f3n&#8221;, culmin\u00f3.<\/p>\n","protected":false},"excerpt":{"rendered":"<p>Alejandro \u00c1vila Veracruz, Ver.- El secretario de organizaci\u00f3n del Comit\u00e9 Ejecutivo Nacional (CEN) del Partido Verde Ecologista de M\u00e9xico (PVEM), Javier Herrera Borunda, asegur\u00f3 que el futuro de la transformaci\u00f3n corre a cargo de su partido. En breve entrevista en el aeropuerto &#8220;Heriberto Jara Corona&#8221; de Veracruz, se\u00f1al\u00f3 que el Verde Ecologista se ha consolidado [&hellip;]<\/p>\n","protected":false},"author":2476,"featured_media":42405,"comment_status":"open","ping_status":"open","sticky":false,"template":"","format":"standard","meta":{"_jetpack_memberships_contains_paid_content":false,"footnotes":""},"categories":[2],"tags":[],"class_list":["post-42404","post","type-post","status-publish","format-standard","has-post-thumbnail","hentry","category-estado"],"jetpack_featured_media_url":"https:\/\/encuentroinformativo.com.mx\/wp-content\/uploads\/2023\/06\/IMG-20230629-WA0036.jpg","jetpack_sharing_enabled":true,"jetpack_likes_enabled":true,"amp_enabled":true,"_links":{"self":[{"href":"https:\/\/encuentroinformativo.com.mx\/index.php?rest_route=\/wp\/v2\/posts\/42404","targetHints":{"allow":["GET"]}}],"collection":[{"href":"https:\/\/encuentroinformativo.com.mx\/index.php?rest_route=\/wp\/v2\/posts"}],"about":[{"href":"https:\/\/encuentroinformativo.com.mx\/index.php?rest_route=\/wp\/v2\/types\/post"}],"author":[{"embeddable":true,"href":"https:\/\/encuentroinformativo.com.mx\/index.php?rest_route=\/wp\/v2\/users\/2476"}],"replies":[{"embeddable":true,"href":"https:\/\/encuentroinformativo.com.mx\/index.php?rest_route=%2Fwp%2Fv2%2Fcomments&post=42404"}],"version-history":[{"count":1,"href":"https:\/\/encuentroinformativo.com.mx\/index.php?rest_route=\/wp\/v2\/posts\/42404\/revisions"}],"predecessor-version":[{"id":42406,"href":"https:\/\/encuentroinformativo.com.mx\/index.php?rest_route=\/wp\/v2\/posts\/42404\/revisions\/42406"}],"wp:featuredmedia":[{"embeddable":true,"href":"https:\/\/encuentroinformativo.com.mx\/index.php?rest_route=\/wp\/v2\/media\/42405"}],"wp:attachment":[{"href":"https:\/\/encuentroinformativo.com.mx\/index.php?rest_route=%2Fwp%2Fv2%2Fmedia&parent=42404"}],"wp:term":[{"taxonomy":"category","embeddable":true,"href":"https:\/\/encuentroinformativo.com.mx\/index.php?rest_route=%2Fwp%2Fv2%2Fcategories&post=42404"},{"taxonomy":"post_tag","embeddable":true,"href":"https:\/\/encuentroinformativo.com.mx\/index.php?rest_route=%2Fwp%2Fv2%2Ftags&post=42404"}],"curies":[{"name":"wp","href":"https:\/\/api.w.org\/{rel}","templated":true}]}}