{"id":42407,"date":"2023-06-29T19:31:12","date_gmt":"2023-06-30T01:31:12","guid":{"rendered":"https:\/\/encuentroinformativo.com.mx\/?p=42407"},"modified":"2023-06-29T19:31:17","modified_gmt":"2023-06-30T01:31:17","slug":"balean-a-sujeto-en-estacionamiento-de-centro-comercial-de-veracruz","status":"publish","type":"post","link":"https:\/\/encuentroinformativo.com.mx\/?p=42407","title":{"rendered":"Balean a sujeto en estacionamiento de centro comercial de Veracruz"},"content":{"rendered":"\n<p><strong>Alejandro \u00c1vila<\/strong><\/p>\n\n\n\n<p>Veracruz, Ver.- Una intensa movilizaci\u00f3n se suscit\u00f3 la tarde de este jueves sobre la avenida Miguel Alem\u00e1n del municipio de Veracruz, toda vez que fue reportado al n\u00famero de emergencias 911 detonaciones de arma de fuego.<\/p>\n\n\n\n<p>Los primeros reportes indican que dos sujetos dispararon en contra de una persona de aproximadamente 50 a\u00f1os de edad, al interior del estacionamiento de la plaza comercial Portal Veracruz; hasta el momento se desconoce el motivo por el cual lo agredieron, si intentaban despojarlo de una suma de dinero o privarlo de su libertad.<\/p>\n\n\n\n<p>La v\u00edctima logr\u00f3 tomar su veh\u00edculo y salir del estacionamiento, pero metros m\u00e1s adelante sali\u00f3 de la unidad y se tir\u00f3 al piso para solicitar ayuda; minutos m\u00e1s tarde, param\u00e9dicos de la Cruz Roja acudieron al lugar y le brindaron auxilio traslad\u00e1ndolo hacia un hospital, al momento se desconoce su estado de salud.<\/p>\n\n\n\n<p>Elementos de la Polic\u00eda Naval acordonaron la avenida Miguel Alem\u00e1n entre las calles Alvarado y Orizaba, mientras el personal de la Polic\u00eda Ministerial realizaba las indagaciones correspondientes.<\/p>\n\n\n\n<p>Esta situaci\u00f3n produjo un caos vial durante varias horas, toda vez que la mencionada avenida es una de las calles m\u00e1s transitadas del municipio de Veracruz.<\/p>\n\n\n\n<figure class=\"wp-block-image size-large\"><img loading=\"lazy\" decoding=\"async\" width=\"1024\" height=\"768\" src=\"https:\/\/encuentroinformativo.com.mx\/wp-content\/uploads\/2023\/06\/IMG-20230629-WA0071-1024x768.jpg\" alt=\"\" class=\"wp-image-42409\" srcset=\"https:\/\/encuentroinformativo.com.mx\/wp-content\/uploads\/2023\/06\/IMG-20230629-WA0071-1024x768.jpg 1024w, https:\/\/encuentroinformativo.com.mx\/wp-content\/uploads\/2023\/06\/IMG-20230629-WA0071-300x225.jpg 300w, https:\/\/encuentroinformativo.com.mx\/wp-content\/uploads\/2023\/06\/IMG-20230629-WA0071-768x576.jpg 768w, https:\/\/encuentroinformativo.com.mx\/wp-content\/uploads\/2023\/06\/IMG-20230629-WA0071-1536x1153.jpg 1536w, https:\/\/encuentroinformativo.com.mx\/wp-content\/uploads\/2023\/06\/IMG-20230629-WA0071.jpg 1599w\" sizes=\"auto, (max-width: 1024px) 100vw, 1024px\" \/><\/figure>\n","protected":false},"excerpt":{"rendered":"<p>Alejandro \u00c1vila Veracruz, Ver.- Una intensa movilizaci\u00f3n se suscit\u00f3 la tarde de este jueves sobre la avenida Miguel Alem\u00e1n del municipio de Veracruz, toda vez que fue reportado al n\u00famero de emergencias 911 detonaciones de arma de fuego. Los primeros reportes indican que dos sujetos dispararon en contra de una persona de aproximadamente 50 a\u00f1os [&hellip;]<\/p>\n","protected":false},"author":2476,"featured_media":42408,"comment_status":"open","ping_status":"open","sticky":false,"template":"","format":"standard","meta":{"_jetpack_memberships_contains_paid_content":false,"footnotes":""},"categories":[14],"tags":[],"class_list":["post-42407","post","type-post","status-publish","format-standard","has-post-thumbnail","hentry","category-policiaca"],"jetpack_featured_media_url":"https:\/\/encuentroinformativo.com.mx\/wp-content\/uploads\/2023\/06\/IMG-20230629-WA0073.jpg","jetpack_sharing_enabled":true,"jetpack_likes_enabled":true,"amp_enabled":true,"_links":{"self":[{"href":"https:\/\/encuentroinformativo.com.mx\/index.php?rest_route=\/wp\/v2\/posts\/42407","targetHints":{"allow":["GET"]}}],"collection":[{"href":"https:\/\/encuentroinformativo.com.mx\/index.php?rest_route=\/wp\/v2\/posts"}],"about":[{"href":"https:\/\/encuentroinformativo.com.mx\/index.php?rest_route=\/wp\/v2\/types\/post"}],"author":[{"embeddable":true,"href":"https:\/\/encuentroinformativo.com.mx\/index.php?rest_route=\/wp\/v2\/users\/2476"}],"replies":[{"embeddable":true,"href":"https:\/\/encuentroinformativo.com.mx\/index.php?rest_route=%2Fwp%2Fv2%2Fcomments&post=42407"}],"version-history":[{"count":1,"href":"https:\/\/encuentroinformativo.com.mx\/index.php?rest_route=\/wp\/v2\/posts\/42407\/revisions"}],"predecessor-version":[{"id":42410,"href":"https:\/\/encuentroinformativo.com.mx\/index.php?rest_route=\/wp\/v2\/posts\/42407\/revisions\/42410"}],"wp:featuredmedia":[{"embeddable":true,"href":"https:\/\/encuentroinformativo.com.mx\/index.php?rest_route=\/wp\/v2\/media\/42408"}],"wp:attachment":[{"href":"https:\/\/encuentroinformativo.com.mx\/index.php?rest_route=%2Fwp%2Fv2%2Fmedia&parent=42407"}],"wp:term":[{"taxonomy":"category","embeddable":true,"href":"https:\/\/encuentroinformativo.com.mx\/index.php?rest_route=%2Fwp%2Fv2%2Fcategories&post=42407"},{"taxonomy":"post_tag","embeddable":true,"href":"https:\/\/encuentroinformativo.com.mx\/index.php?rest_route=%2Fwp%2Fv2%2Ftags&post=42407"}],"curies":[{"name":"wp","href":"https:\/\/api.w.org\/{rel}","templated":true}]}}