{"id":42411,"date":"2023-06-29T19:58:02","date_gmt":"2023-06-30T01:58:02","guid":{"rendered":"https:\/\/encuentroinformativo.com.mx\/?p=42411"},"modified":"2023-06-29T19:58:07","modified_gmt":"2023-06-30T01:58:07","slug":"insiste-amsa-en-criminalizar-a-cafetaleros-acusan-familiares","status":"publish","type":"post","link":"https:\/\/encuentroinformativo.com.mx\/?p=42411","title":{"rendered":"Insiste AMSA en criminalizar a cafetaleros, acusan familiares"},"content":{"rendered":"\n<p><strong>Juan Arcos <\/strong><\/p>\n\n\n\n<p>Xalapa, Ver.- Familiares de los cinco cafetaleros \u201ccriminalizados\u201d denunciaron que la empresa Agroindustrias Unidas de M\u00e9xico (AMSA) mantiene la exigencia de solicitar la reparaci\u00f3n de da\u00f1os por el incendio en una parte peque\u00f1a de su beneficio, ocurrido en Ixhuatl\u00e1n del Caf\u00e9, en enero de 2022.<\/p>\n\n\n\n<p>De acuerdo con la declaraci\u00f3n de la Comisi\u00f3n de los familiares acusados por la empresa ECOM-Trading, los se\u00f1alados han demostrado que no participaron en ese hecho y citan que la regi\u00f3n se sabe que ese hecho fue orquestado desde la misma empresa y despu\u00e9s con pruebas falsas presentaron la acusaci\u00f3n.<\/p>\n\n\n\n<p>Ante ello, exigen a la empresa ECOM &#8211; Trading que retiren la demanda que etiquetan como \u201cfraudulenta\u201d y que no sigan ocasionando da\u00f1os a los acusados y sus familias.<\/p>\n\n\n\n<p>\u201cDesde el sector productor de caf\u00e9 seguiremos luchando para que se establezca un esquema de comercializaci\u00f3n del caf\u00e9 en M\u00e9xico que permita precios justos para los productores y se terminen los abusos que cometen las grandes empresas compradoras\u201d, se lee en el comunicado de los familiares.<\/p>\n\n\n\n<p>Cabe recordar que la tarde del mi\u00e9rcoles 28 de junio, Cirio Ruiz Gonz\u00e1lez, Minervo Cantor Pe\u00f1a y Abraham Cabal Pulido quedaron en libertad para continuar el proceso penal, mientras CrisantoValiente Miram\u00f3n y Viridiana Bret\u00f3n Feito, est\u00e1 \u00faltima exalcaldesa de Ixhuatl\u00e1n del Caf\u00e9, siguen en prisi\u00f3n.<\/p>\n\n\n\n<p>Sus familiares consideran la liberaci\u00f3n como una satisfactoria gesti\u00f3n legal en coordinaci\u00f3n con el Gobierno del Estado de Veracruz.<\/p>\n\n\n\n<p>\u201cLa liberaci\u00f3n de los compa\u00f1eros es una gran derrota para la actitud abusiva de la empresa AMSA-Trading. Se ha logrado por el apoyo de Grupos sociales, gremiales y ciudadanos en las manifestaciones realizadas y tambi\u00e9n de medios de comunicaci\u00f3n, redes sociales y periodistas que han informado con veracidad que la acusaci\u00f3n es una venganza por haber realizado los cafetaleros protestas en enero del 2022 ante la baja arbitraria de los precios de caf\u00e9 que realizo esta empresa\u201d, contin\u00faa el pronunciamiento.<\/p>\n\n\n\n<p>Mientras tanto, el proceso penal contra cafetaleros detenidos por los presuntos da\u00f1os contin\u00faa y hasta el momento dos personas siguen tras las rejas en el penal de La Toma, en Amatl\u00e1n de los Reyes.<\/p>\n","protected":false},"excerpt":{"rendered":"<p>Juan Arcos Xalapa, Ver.- Familiares de los cinco cafetaleros \u201ccriminalizados\u201d denunciaron que la empresa Agroindustrias Unidas de M\u00e9xico (AMSA) mantiene la exigencia de solicitar la reparaci\u00f3n de da\u00f1os por el incendio en una parte peque\u00f1a de su beneficio, ocurrido en Ixhuatl\u00e1n del Caf\u00e9, en enero de 2022. De acuerdo con la declaraci\u00f3n de la Comisi\u00f3n [&hellip;]<\/p>\n","protected":false},"author":2476,"featured_media":42412,"comment_status":"open","ping_status":"open","sticky":false,"template":"","format":"standard","meta":{"_jetpack_memberships_contains_paid_content":false,"footnotes":""},"categories":[8],"tags":[],"class_list":["post-42411","post","type-post","status-publish","format-standard","has-post-thumbnail","hentry","category-region"],"jetpack_featured_media_url":"https:\/\/encuentroinformativo.com.mx\/wp-content\/uploads\/2023\/06\/IMG_7672.jpg","jetpack_sharing_enabled":true,"jetpack_likes_enabled":true,"amp_enabled":true,"_links":{"self":[{"href":"https:\/\/encuentroinformativo.com.mx\/index.php?rest_route=\/wp\/v2\/posts\/42411","targetHints":{"allow":["GET"]}}],"collection":[{"href":"https:\/\/encuentroinformativo.com.mx\/index.php?rest_route=\/wp\/v2\/posts"}],"about":[{"href":"https:\/\/encuentroinformativo.com.mx\/index.php?rest_route=\/wp\/v2\/types\/post"}],"author":[{"embeddable":true,"href":"https:\/\/encuentroinformativo.com.mx\/index.php?rest_route=\/wp\/v2\/users\/2476"}],"replies":[{"embeddable":true,"href":"https:\/\/encuentroinformativo.com.mx\/index.php?rest_route=%2Fwp%2Fv2%2Fcomments&post=42411"}],"version-history":[{"count":1,"href":"https:\/\/encuentroinformativo.com.mx\/index.php?rest_route=\/wp\/v2\/posts\/42411\/revisions"}],"predecessor-version":[{"id":42413,"href":"https:\/\/encuentroinformativo.com.mx\/index.php?rest_route=\/wp\/v2\/posts\/42411\/revisions\/42413"}],"wp:featuredmedia":[{"embeddable":true,"href":"https:\/\/encuentroinformativo.com.mx\/index.php?rest_route=\/wp\/v2\/media\/42412"}],"wp:attachment":[{"href":"https:\/\/encuentroinformativo.com.mx\/index.php?rest_route=%2Fwp%2Fv2%2Fmedia&parent=42411"}],"wp:term":[{"taxonomy":"category","embeddable":true,"href":"https:\/\/encuentroinformativo.com.mx\/index.php?rest_route=%2Fwp%2Fv2%2Fcategories&post=42411"},{"taxonomy":"post_tag","embeddable":true,"href":"https:\/\/encuentroinformativo.com.mx\/index.php?rest_route=%2Fwp%2Fv2%2Ftags&post=42411"}],"curies":[{"name":"wp","href":"https:\/\/api.w.org\/{rel}","templated":true}]}}