{"id":42417,"date":"2023-06-29T20:12:57","date_gmt":"2023-06-30T02:12:57","guid":{"rendered":"https:\/\/encuentroinformativo.com.mx\/?p=42417"},"modified":"2023-06-29T20:13:01","modified_gmt":"2023-06-30T02:13:01","slug":"se-deslinda-sedarpa-de-conflicto-de-cafetaleros","status":"publish","type":"post","link":"https:\/\/encuentroinformativo.com.mx\/?p=42417","title":{"rendered":"Se deslinda SEDARPA de conflicto de cafetaleros"},"content":{"rendered":"\n<p><strong>Dar\u00edo Pale <\/strong><\/p>\n\n\n\n<p>Xalapa, Ver.- El titular de la Secretar\u00eda de Desarrollo Agropecuario, Rural, Pesca y Alimentaci\u00f3n \u00a0(SEDARPA), Evaristo Ovando Ram\u00edrez dio a conocer que en Veracruz cada persona consume al menos 1.63 kilogramos de caf\u00e9 al a\u00f1o y el estado ocupa el segundo lugar a nivel nacional en producci\u00f3n del arom\u00e1tico.<\/p>\n\n\n\n<p>El funcionario record\u00f3 que este viernes inicia el Primer Festival del Caf\u00e9 Veracruz 2023 en la regi\u00f3n de Xalapa.<\/p>\n\n\n\n<p>En entrevista se\u00f1al\u00f3 que, el parque Ju\u00e1rez es una de las sedes en las que se desarrollar\u00e1 este festival, indic\u00f3 que en este evento participar\u00e1n productores de las 10 regiones cafetaleras del estado.<\/p>\n\n\n\n<p>Coment\u00f3 que se tendr\u00e1 una participaci\u00f3n de al menos 4 mil productores de 242 escuelas campesinas, adem\u00e1s de productores de miel y de derivados del caf\u00e9.<\/p>\n\n\n\n<p>Mencion\u00f3 que se busca aumentar el consumo de taza del caf\u00e9 de Veracruz, pues actualmente es de 1.6 kilos por persona, lo que significa que se toma una o dos tazas.<\/p>\n\n\n\n<p>Manifest\u00f3 que la Sedarpa tiene un registro de 13 productores que llegaron a la etapa final con el mejor caf\u00e9 de calidad por su aroma y sabor.<\/p>\n\n\n\n<p>\u201cTenemos distinci\u00f3n de los 13 finalistas y son gente apartada de la capital del estado, y en las comunidades es d\u00f3nde est\u00e1n produciendo ese caf\u00e9, y queremos que ese ingreso llegue al productor\u201d, coment\u00f3.<\/p>\n\n\n\n<p>En torno a la posibilidad de que manifestantes que apoyan a los cafetaleros detenidos se presenten al Festival del Caf\u00e9, el funcionario destac\u00f3 que esta dependencia es t\u00e9cnica y productiva, no pol\u00edtica o jur\u00eddica, por lo que en este caso debe ser la Fiscal\u00eda General del Estado el organismo que brinde resultados.<\/p>\n\n\n\n<p>\u201cEn esos temas ya no me meto, mis temas son productivos, en eso estoy trabajando, estamos trabajando con 242 comunidades cafetaleras, cu\u00e1ndo en Veracruz se hab\u00eda trabajado con productores en esa cantidad, uno de cada cuatro productores tiene presencia de t\u00e9cnicas\u201d, opin\u00f3.<\/p>\n\n\n\n<p>El Primer Festival Caf\u00e9 Veracruz \u201cGrandeza, Naturaleza y Cultura\u201d se realizar\u00e1 del 30 de junio al 2 de junio de 2023, en siete sedes: el parque Benito Ju\u00e1rez, Palacio Municipal, Palacio de Gobierno, Casa del Lago UV, Galer\u00eda de Arte Contempor\u00e1neo, Hotel Holiday Inn, plaza Xallitic y la cafeter\u00eda 4 Regiones.<\/p>\n\n\n\n<p>Adem\u00e1s de la participaci\u00f3n de representantes de las diez regiones cafetaleras, habr\u00e1 presencia de investigadores, compradores, proveedores, artistas y p\u00fablico en general para destacar la producci\u00f3n de calidad de caf\u00e9.<\/p>\n\n\n\n<p>Record\u00f3 que la cafeticultura en la entidad es una de las actividades m\u00e1s relevantes del sector primario, \u201cDe la cual depende m\u00e1s de 85 mil familias que con su trabajo ubican al estado en el segundo lugar nacional en producci\u00f3n del arom\u00e1tico con 242 mil 804 toneladas, con un valor de la producci\u00f3n de mil 835 millones 568 mil pesos de acuerdo a los recientes datos del Censo Agropecuario proporcionados por el INEGI\u201d. \u00a0<\/p>\n\n\n\n<p>Finalmente, respecto a la premiaci\u00f3n de caf\u00e9s de alta especialidad, dio a conocer que la convocatoria (emitida en marzo) rebas\u00f3 la expectativa; se recibieron 352 muestras de caf\u00e9, \u201clas cuales se sometieron a tres minuciosas evaluaciones de calidad realizadas por el Cafecol A.C., quienes en la primera evaluaci\u00f3n seleccionaron 207 lotes de caf\u00e9, en la segunda etapa 37 lotes y en la etapa final quedaron 12 lotes de caf\u00e9 quienes ser\u00e1n reconocidos y premiados por el gobernador del Estado el domingo 2 de julio\u201d.<\/p>\n","protected":false},"excerpt":{"rendered":"<p>Dar\u00edo Pale Xalapa, Ver.- El titular de la Secretar\u00eda de Desarrollo Agropecuario, Rural, Pesca y Alimentaci\u00f3n \u00a0(SEDARPA), Evaristo Ovando Ram\u00edrez dio a conocer que en Veracruz cada persona consume al menos 1.63 kilogramos de caf\u00e9 al a\u00f1o y el estado ocupa el segundo lugar a nivel nacional en producci\u00f3n del arom\u00e1tico. El funcionario record\u00f3 que [&hellip;]<\/p>\n","protected":false},"author":2476,"featured_media":42418,"comment_status":"open","ping_status":"open","sticky":false,"template":"","format":"standard","meta":{"_jetpack_memberships_contains_paid_content":false,"footnotes":""},"categories":[2],"tags":[],"class_list":["post-42417","post","type-post","status-publish","format-standard","has-post-thumbnail","hentry","category-estado"],"jetpack_featured_media_url":"https:\/\/encuentroinformativo.com.mx\/wp-content\/uploads\/2023\/06\/Photo_1688090961668.jpg","jetpack_sharing_enabled":true,"jetpack_likes_enabled":true,"amp_enabled":true,"_links":{"self":[{"href":"https:\/\/encuentroinformativo.com.mx\/index.php?rest_route=\/wp\/v2\/posts\/42417","targetHints":{"allow":["GET"]}}],"collection":[{"href":"https:\/\/encuentroinformativo.com.mx\/index.php?rest_route=\/wp\/v2\/posts"}],"about":[{"href":"https:\/\/encuentroinformativo.com.mx\/index.php?rest_route=\/wp\/v2\/types\/post"}],"author":[{"embeddable":true,"href":"https:\/\/encuentroinformativo.com.mx\/index.php?rest_route=\/wp\/v2\/users\/2476"}],"replies":[{"embeddable":true,"href":"https:\/\/encuentroinformativo.com.mx\/index.php?rest_route=%2Fwp%2Fv2%2Fcomments&post=42417"}],"version-history":[{"count":1,"href":"https:\/\/encuentroinformativo.com.mx\/index.php?rest_route=\/wp\/v2\/posts\/42417\/revisions"}],"predecessor-version":[{"id":42419,"href":"https:\/\/encuentroinformativo.com.mx\/index.php?rest_route=\/wp\/v2\/posts\/42417\/revisions\/42419"}],"wp:featuredmedia":[{"embeddable":true,"href":"https:\/\/encuentroinformativo.com.mx\/index.php?rest_route=\/wp\/v2\/media\/42418"}],"wp:attachment":[{"href":"https:\/\/encuentroinformativo.com.mx\/index.php?rest_route=%2Fwp%2Fv2%2Fmedia&parent=42417"}],"wp:term":[{"taxonomy":"category","embeddable":true,"href":"https:\/\/encuentroinformativo.com.mx\/index.php?rest_route=%2Fwp%2Fv2%2Fcategories&post=42417"},{"taxonomy":"post_tag","embeddable":true,"href":"https:\/\/encuentroinformativo.com.mx\/index.php?rest_route=%2Fwp%2Fv2%2Ftags&post=42417"}],"curies":[{"name":"wp","href":"https:\/\/api.w.org\/{rel}","templated":true}]}}