{"id":42434,"date":"2023-06-30T10:08:17","date_gmt":"2023-06-30T16:08:17","guid":{"rendered":"https:\/\/encuentroinformativo.com.mx\/?p=42434"},"modified":"2023-06-30T10:08:21","modified_gmt":"2023-06-30T16:08:21","slug":"mantiene-ssp-y-uv-estrecha-colaboracion-en-materia-preventiva","status":"publish","type":"post","link":"https:\/\/encuentroinformativo.com.mx\/?p=42434","title":{"rendered":"Mantiene SSP y UV estrecha colaboraci\u00f3n en materia preventiva"},"content":{"rendered":"\n<p>Xalapa, Ver.- La coordinaci\u00f3n interinstitucional para la prevenci\u00f3n y seguridad, es prioridad en el gobierno del Ing. Cuitl\u00e1huac Garc\u00eda Jim\u00e9nez, por tal motivo, la Secretar\u00eda de Secretar\u00eda de Seguridad P\u00fablica a trav\u00e9s del Centro de Estudios e Investigaci\u00f3n en Seguridad realizaron la entrega de 15 constancias del Curso de Medidas de Seguridad Personal e Institucional a colaboradores del Sistema Universitario de Gesti\u00f3n Integral del Riesgo (SUGIR) de la Universidad Veracruzana.<\/p>\n\n\n\n<p>Como parte del Programa de Trabajo 2021-2025 \u201cPor una Transformaci\u00f3n Integral\u201d que estableci\u00f3 la m\u00e1xima casa de estudios de Veracruz, durante tres d\u00edas los trabajadores adquirieron los conocimientos y habilidades en materias como: conceptos de la seguridad, organizaci\u00f3n de la seguridad, ascenso y descenso de veh\u00edculos, aspectos de la seguridad, riesgos y amenazas, defensa personal, conducci\u00f3n de veh\u00edculos defensivos y ofensivos, Pr\u00e1cticas con el funcionario en escenarios reales y primeros auxilios.<\/p>\n\n\n\n<p>Y en temas como: asignaci\u00f3n de misiones, coordinaci\u00f3n de la seguridad, clasificaci\u00f3n de riesgos y amenazas, control de hemorragias y uso de torniquetes, atenci\u00f3n en el sitio t\u00e1ctico, uso leg\u00edtimo de la fuerza.<\/p>\n\n\n\n<p>El objetivo de dicho curso es el de propiciar condiciones favorables para el desarrollo de capacidades de los trabajadores universitarios responsables del traslado y cuidado de funcionarios y comunidad universitaria, as\u00ed como, dignificar las funciones de los trabajadores administrativos a trav\u00e9s de la instauraci\u00f3n de propuestas de formaci\u00f3n universal para as\u00ed garantizar su seguridad personal y contribuir a un entorno institucional seguro.<\/p>\n\n\n\n<p>El Director General, Ing. Jaime Herrera Romo acompa\u00f1ado por el Arquitecto Antero Borboa Lara, Director del Sistema Universitario de Gesti\u00f3n Integral del Riesgo de la Universidad Veracruzana, entregaron las constancias al personal que concluy\u00f3 el curso.<\/p>\n\n\n\n<p>Con estas acciones, la SSP refrenda su compromiso con la profesionalizaci\u00f3n de elementos para garantizar ambientes seguros en instituciones educativas.<\/p>\n\n\n\n<figure class=\"wp-block-image size-large\"><img loading=\"lazy\" decoding=\"async\" width=\"1024\" height=\"683\" src=\"https:\/\/encuentroinformativo.com.mx\/wp-content\/uploads\/2023\/06\/IMG-20230630-WA0007.jpg\" alt=\"\" class=\"wp-image-42436\" srcset=\"https:\/\/encuentroinformativo.com.mx\/wp-content\/uploads\/2023\/06\/IMG-20230630-WA0007.jpg 1024w, https:\/\/encuentroinformativo.com.mx\/wp-content\/uploads\/2023\/06\/IMG-20230630-WA0007-300x200.jpg 300w, https:\/\/encuentroinformativo.com.mx\/wp-content\/uploads\/2023\/06\/IMG-20230630-WA0007-768x512.jpg 768w\" sizes=\"auto, (max-width: 1024px) 100vw, 1024px\" \/><\/figure>\n","protected":false},"excerpt":{"rendered":"<p>Xalapa, Ver.- La coordinaci\u00f3n interinstitucional para la prevenci\u00f3n y seguridad, es prioridad en el gobierno del Ing. Cuitl\u00e1huac Garc\u00eda Jim\u00e9nez, por tal motivo, la Secretar\u00eda de Secretar\u00eda de Seguridad P\u00fablica a trav\u00e9s del Centro de Estudios e Investigaci\u00f3n en Seguridad realizaron la entrega de 15 constancias del Curso de Medidas de Seguridad Personal e Institucional [&hellip;]<\/p>\n","protected":false},"author":2476,"featured_media":42435,"comment_status":"open","ping_status":"open","sticky":false,"template":"","format":"standard","meta":{"_jetpack_memberships_contains_paid_content":false,"footnotes":""},"categories":[2],"tags":[],"class_list":["post-42434","post","type-post","status-publish","format-standard","has-post-thumbnail","hentry","category-estado"],"jetpack_featured_media_url":"https:\/\/encuentroinformativo.com.mx\/wp-content\/uploads\/2023\/06\/IMG-20230630-WA00062.jpg","jetpack_sharing_enabled":true,"jetpack_likes_enabled":true,"amp_enabled":true,"_links":{"self":[{"href":"https:\/\/encuentroinformativo.com.mx\/index.php?rest_route=\/wp\/v2\/posts\/42434","targetHints":{"allow":["GET"]}}],"collection":[{"href":"https:\/\/encuentroinformativo.com.mx\/index.php?rest_route=\/wp\/v2\/posts"}],"about":[{"href":"https:\/\/encuentroinformativo.com.mx\/index.php?rest_route=\/wp\/v2\/types\/post"}],"author":[{"embeddable":true,"href":"https:\/\/encuentroinformativo.com.mx\/index.php?rest_route=\/wp\/v2\/users\/2476"}],"replies":[{"embeddable":true,"href":"https:\/\/encuentroinformativo.com.mx\/index.php?rest_route=%2Fwp%2Fv2%2Fcomments&post=42434"}],"version-history":[{"count":1,"href":"https:\/\/encuentroinformativo.com.mx\/index.php?rest_route=\/wp\/v2\/posts\/42434\/revisions"}],"predecessor-version":[{"id":42437,"href":"https:\/\/encuentroinformativo.com.mx\/index.php?rest_route=\/wp\/v2\/posts\/42434\/revisions\/42437"}],"wp:featuredmedia":[{"embeddable":true,"href":"https:\/\/encuentroinformativo.com.mx\/index.php?rest_route=\/wp\/v2\/media\/42435"}],"wp:attachment":[{"href":"https:\/\/encuentroinformativo.com.mx\/index.php?rest_route=%2Fwp%2Fv2%2Fmedia&parent=42434"}],"wp:term":[{"taxonomy":"category","embeddable":true,"href":"https:\/\/encuentroinformativo.com.mx\/index.php?rest_route=%2Fwp%2Fv2%2Fcategories&post=42434"},{"taxonomy":"post_tag","embeddable":true,"href":"https:\/\/encuentroinformativo.com.mx\/index.php?rest_route=%2Fwp%2Fv2%2Ftags&post=42434"}],"curies":[{"name":"wp","href":"https:\/\/api.w.org\/{rel}","templated":true}]}}