{"id":42438,"date":"2023-06-30T11:19:11","date_gmt":"2023-06-30T17:19:11","guid":{"rendered":"https:\/\/encuentroinformativo.com.mx\/?p=42438"},"modified":"2023-06-30T11:19:16","modified_gmt":"2023-06-30T17:19:16","slug":"sedena-graduara-a-mas-de-300-conscriptos-en-plan-dniii","status":"publish","type":"post","link":"https:\/\/encuentroinformativo.com.mx\/?p=42438","title":{"rendered":"SEDENA graduar\u00e1 a m\u00e1s de 300 conscriptos en Plan DNIII"},"content":{"rendered":"\n<p><strong>Alejandro \u00c1vila<\/strong><\/p>\n\n\n\n<p>Boca del R\u00edo, Ver.- La Secretar\u00eda de la Defensa Nacional (SEDENA) graduar\u00e1 en Veracruz en este a\u00f1o a m\u00e1s de 300 conscriptos que aprender\u00e1n la formaci\u00f3n militar y actividades de Protecci\u00f3n Civil como el plan de DNIII.<\/p>\n\n\n\n<p>Andr\u00e9s Garc\u00eda Mendoza, Comandante Artiller\u00eda de la Sexta Regi\u00f3n Militar, detall\u00f3 que se trata de tres grupos de 108 j\u00f3venes que tendr\u00e1n una formaci\u00f3n durante 90 d\u00edas, para despu\u00e9s ser graduados y que puedan ingresar a las filas de la SEDENA o&nbsp; Guardia Nacional, en caso de as\u00ed quererlo.<\/p>\n\n\n\n<p>&#8220;Este es un escal\u00f3n que inicia con 108 conscriptos para graduarlos en tres meses como dijo mi general, son 90 d\u00edas que van a estar en adiestramiento encuadrados, en donde van a ver las materias militares, materias de Protecci\u00f3n Civil y van a hacer inclusive actividades de labor social en los dos municipios que tenemos aqu\u00ed vecinos, como es Boca del R\u00edo y el puerto de Veracruz&#8221;, se\u00f1al\u00f3.<\/p>\n\n\n\n<p>El mando militar mencion\u00f3 que el primer escal\u00f3n se gradu\u00f3 a mediados del mes de mayo, el segundo escal\u00f3n se graduar\u00e1 a finales de septiembre, y el \u00faltimo escal\u00f3n se graduar\u00e1 en los \u00faltimos d\u00edas mes de diciembre.<\/p>\n\n\n\n<p>&#8220;En este a\u00f1o todav\u00eda no tenemos contemplado mujeres, hay un proyecto para el pr\u00f3ximo a\u00f1o de que haya tambi\u00e9n as\u00ed como est\u00e1n ellos, encuadrados, 10 mujeres (\u2026) s\u00ed, de hecho hay mujeres que vienen, pero vienen al Servicio Militar Nacional al sabatino, ellas solo vienen los fines de semana, ellas mismas est\u00e1n interesadas en querer desde escalones pasados, cuando supieron, de querer ingresar, pero por el momento son puros varones los que tenemos contemplados&#8221;, subray\u00f3.<\/p>\n","protected":false},"excerpt":{"rendered":"<p>Alejandro \u00c1vila Boca del R\u00edo, Ver.- La Secretar\u00eda de la Defensa Nacional (SEDENA) graduar\u00e1 en Veracruz en este a\u00f1o a m\u00e1s de 300 conscriptos que aprender\u00e1n la formaci\u00f3n militar y actividades de Protecci\u00f3n Civil como el plan de DNIII. Andr\u00e9s Garc\u00eda Mendoza, Comandante Artiller\u00eda de la Sexta Regi\u00f3n Militar, detall\u00f3 que se trata de tres [&hellip;]<\/p>\n","protected":false},"author":2476,"featured_media":42439,"comment_status":"open","ping_status":"open","sticky":false,"template":"","format":"standard","meta":{"_jetpack_memberships_contains_paid_content":false,"footnotes":""},"categories":[2],"tags":[],"class_list":["post-42438","post","type-post","status-publish","format-standard","has-post-thumbnail","hentry","category-estado"],"jetpack_featured_media_url":"https:\/\/encuentroinformativo.com.mx\/wp-content\/uploads\/2023\/06\/IMG-20230630-WA0021.jpg","jetpack_sharing_enabled":true,"jetpack_likes_enabled":true,"amp_enabled":true,"_links":{"self":[{"href":"https:\/\/encuentroinformativo.com.mx\/index.php?rest_route=\/wp\/v2\/posts\/42438","targetHints":{"allow":["GET"]}}],"collection":[{"href":"https:\/\/encuentroinformativo.com.mx\/index.php?rest_route=\/wp\/v2\/posts"}],"about":[{"href":"https:\/\/encuentroinformativo.com.mx\/index.php?rest_route=\/wp\/v2\/types\/post"}],"author":[{"embeddable":true,"href":"https:\/\/encuentroinformativo.com.mx\/index.php?rest_route=\/wp\/v2\/users\/2476"}],"replies":[{"embeddable":true,"href":"https:\/\/encuentroinformativo.com.mx\/index.php?rest_route=%2Fwp%2Fv2%2Fcomments&post=42438"}],"version-history":[{"count":1,"href":"https:\/\/encuentroinformativo.com.mx\/index.php?rest_route=\/wp\/v2\/posts\/42438\/revisions"}],"predecessor-version":[{"id":42440,"href":"https:\/\/encuentroinformativo.com.mx\/index.php?rest_route=\/wp\/v2\/posts\/42438\/revisions\/42440"}],"wp:featuredmedia":[{"embeddable":true,"href":"https:\/\/encuentroinformativo.com.mx\/index.php?rest_route=\/wp\/v2\/media\/42439"}],"wp:attachment":[{"href":"https:\/\/encuentroinformativo.com.mx\/index.php?rest_route=%2Fwp%2Fv2%2Fmedia&parent=42438"}],"wp:term":[{"taxonomy":"category","embeddable":true,"href":"https:\/\/encuentroinformativo.com.mx\/index.php?rest_route=%2Fwp%2Fv2%2Fcategories&post=42438"},{"taxonomy":"post_tag","embeddable":true,"href":"https:\/\/encuentroinformativo.com.mx\/index.php?rest_route=%2Fwp%2Fv2%2Ftags&post=42438"}],"curies":[{"name":"wp","href":"https:\/\/api.w.org\/{rel}","templated":true}]}}