{"id":42444,"date":"2023-06-30T12:43:53","date_gmt":"2023-06-30T18:43:53","guid":{"rendered":"https:\/\/encuentroinformativo.com.mx\/?p=42444"},"modified":"2023-06-30T12:43:59","modified_gmt":"2023-06-30T18:43:59","slug":"reclaman-familiares-busqueda-de-miriam-iranis-piden-agilizar-investigacion","status":"publish","type":"post","link":"https:\/\/encuentroinformativo.com.mx\/?p=42444","title":{"rendered":"Reclaman familiares b\u00fasqueda de Miriam Iranis, piden agilizar investigaci\u00f3n"},"content":{"rendered":"\n<p><strong>Juan Arcos <\/strong><\/p>\n\n\n\n<p>Xalapa, Ver.- Familiares y amigos de la oficial de Fuerza Civil, Miriam Iranis V\u00e1zquez Herrera, protestaron y marcharon por segunda vez en esta ciudad de Xalapa, para exigir su localizaci\u00f3n con vida.<\/p>\n\n\n\n<p>Al grito de \u201cviva se fue, viva la queremos\u201d, recorrieron las calles Francisco Javier Clavijero, Doctor Rafael Lucio, Juan de la Luz Enr\u00edquez y Leandro Valle hasta llegar a la torre de la Secretar\u00eda de Seguridad P\u00fablica (SSP), donde bloquearon la calle Ignacio Zaragoza.<\/p>\n\n\n\n<p>\u201cCuauht\u00e9moc Z\u00fa\u00f1iga, danos respuesta\u201d, gritaron y repitieron afuera de la Torre SSP para exigir una audiencia con las autoridades de la dependencia estatal.<\/p>\n\n\n\n<p>La mujer polic\u00eda desapareci\u00f3 el pasado 30 de mayo en la ciudad de Cardel, municipio de La Antigua, cuando se encontraba en horario de servicio.<\/p>\n\n\n\n<p>Su madre Miriam Idalia Herrera M\u00e9ndez record\u00f3 que la joven, de 20 a\u00f1os, estaba laborando en el destacamento Taj\u00edn, ubicado sobre la carretera Cardel-Poza Rica. Sali\u00f3 con otros compa\u00f1eros a un taller mec\u00e1nico, pero ella y otro polic\u00eda estatal no volvieron.<\/p>\n\n\n\n<p>Su compa\u00f1ero Miguel Mart\u00ednez Reyes tambi\u00e9n est\u00e1 desaparecido y, aunque se han iniciado las investigaciones, a\u00fan no hay avances para localizarlos ni informaci\u00f3n proporcionada por la Fiscal\u00eda General del Estado (FGE).<\/p>\n\n\n\n<p>La madre de Miriam denunci\u00f3 que hasta el momento tampoco las autoridades de la Secretar\u00eda de Seguridad P\u00fablica les han informado nada sobre el caso.<\/p>\n\n\n\n<p>\u201cA un mes nadie nos ha dado la cara. Desgraciadamente s\u00f3lo los extorsionadores se han preocupado por nosotros y nos han llamado para pedirnos dinero, dici\u00e9ndonos que tienen a nuestra hija, pero no es cierto, nada m\u00e1s nos enga\u00f1an\u201d, enfatiz\u00f3 la mujer en tono sarc\u00e1stico.<\/p>\n\n\n\n<p>Lament\u00f3 que la Fiscal\u00eda de Veracruz no ha mostrado los videos de las c\u00e1maras de vigilancia que hay en ciudad Cardel, ni las s\u00e1banas de llamadas.<\/p>\n\n\n\n<p>\u201cAqu\u00ed vamos a estar hasta que el Secretario de Seguridad P\u00fablica nos atienda personalmente, no queremos que mande a nadie m\u00e1s, a ning\u00fan representante\u201d, refiri\u00f3 Herrera M\u00e9ndez.<\/p>\n\n\n\n<figure class=\"wp-block-image size-large\"><img loading=\"lazy\" decoding=\"async\" width=\"1024\" height=\"768\" src=\"https:\/\/encuentroinformativo.com.mx\/wp-content\/uploads\/2023\/06\/IMG_7239-1024x768.jpg\" alt=\"\" class=\"wp-image-42446\" srcset=\"https:\/\/encuentroinformativo.com.mx\/wp-content\/uploads\/2023\/06\/IMG_7239-1024x768.jpg 1024w, https:\/\/encuentroinformativo.com.mx\/wp-content\/uploads\/2023\/06\/IMG_7239-300x225.jpg 300w, https:\/\/encuentroinformativo.com.mx\/wp-content\/uploads\/2023\/06\/IMG_7239-768x576.jpg 768w, https:\/\/encuentroinformativo.com.mx\/wp-content\/uploads\/2023\/06\/IMG_7239-1536x1152.jpg 1536w, https:\/\/encuentroinformativo.com.mx\/wp-content\/uploads\/2023\/06\/IMG_7239.jpg 2016w\" sizes=\"auto, (max-width: 1024px) 100vw, 1024px\" \/><\/figure>\n","protected":false},"excerpt":{"rendered":"<p>Juan Arcos Xalapa, Ver.- Familiares y amigos de la oficial de Fuerza Civil, Miriam Iranis V\u00e1zquez Herrera, protestaron y marcharon por segunda vez en esta ciudad de Xalapa, para exigir su localizaci\u00f3n con vida. Al grito de \u201cviva se fue, viva la queremos\u201d, recorrieron las calles Francisco Javier Clavijero, Doctor Rafael Lucio, Juan de la [&hellip;]<\/p>\n","protected":false},"author":2476,"featured_media":42445,"comment_status":"open","ping_status":"open","sticky":false,"template":"","format":"standard","meta":{"_jetpack_memberships_contains_paid_content":false,"footnotes":""},"categories":[2],"tags":[],"class_list":["post-42444","post","type-post","status-publish","format-standard","has-post-thumbnail","hentry","category-estado"],"jetpack_featured_media_url":"https:\/\/encuentroinformativo.com.mx\/wp-content\/uploads\/2023\/06\/IMG_7242.jpg","jetpack_sharing_enabled":true,"jetpack_likes_enabled":true,"amp_enabled":true,"_links":{"self":[{"href":"https:\/\/encuentroinformativo.com.mx\/index.php?rest_route=\/wp\/v2\/posts\/42444","targetHints":{"allow":["GET"]}}],"collection":[{"href":"https:\/\/encuentroinformativo.com.mx\/index.php?rest_route=\/wp\/v2\/posts"}],"about":[{"href":"https:\/\/encuentroinformativo.com.mx\/index.php?rest_route=\/wp\/v2\/types\/post"}],"author":[{"embeddable":true,"href":"https:\/\/encuentroinformativo.com.mx\/index.php?rest_route=\/wp\/v2\/users\/2476"}],"replies":[{"embeddable":true,"href":"https:\/\/encuentroinformativo.com.mx\/index.php?rest_route=%2Fwp%2Fv2%2Fcomments&post=42444"}],"version-history":[{"count":1,"href":"https:\/\/encuentroinformativo.com.mx\/index.php?rest_route=\/wp\/v2\/posts\/42444\/revisions"}],"predecessor-version":[{"id":42447,"href":"https:\/\/encuentroinformativo.com.mx\/index.php?rest_route=\/wp\/v2\/posts\/42444\/revisions\/42447"}],"wp:featuredmedia":[{"embeddable":true,"href":"https:\/\/encuentroinformativo.com.mx\/index.php?rest_route=\/wp\/v2\/media\/42445"}],"wp:attachment":[{"href":"https:\/\/encuentroinformativo.com.mx\/index.php?rest_route=%2Fwp%2Fv2%2Fmedia&parent=42444"}],"wp:term":[{"taxonomy":"category","embeddable":true,"href":"https:\/\/encuentroinformativo.com.mx\/index.php?rest_route=%2Fwp%2Fv2%2Fcategories&post=42444"},{"taxonomy":"post_tag","embeddable":true,"href":"https:\/\/encuentroinformativo.com.mx\/index.php?rest_route=%2Fwp%2Fv2%2Ftags&post=42444"}],"curies":[{"name":"wp","href":"https:\/\/api.w.org\/{rel}","templated":true}]}}